{"id":71047,"date":"2024-12-03T21:22:22","date_gmt":"2024-12-03T20:22:22","guid":{"rendered":"https:\/\/euwps05.newsmemory.com\/ilmercoledi\/news\/?p=71047"},"modified":"2024-12-03T21:23:06","modified_gmt":"2024-12-03T20:23:06","slug":"nichelino-ragazzi-del-maxwell-per-parlare-di-scelte-future-citta-metropolitana","status":"publish","type":"post","link":"https:\/\/www.ilmercoledi.news\/2024\/12\/03\/nichelino-ragazzi-del-maxwell-per-parlare-di-scelte-future-citta-metropolitana\/","title":{"rendered":"NICHELINO &#8211; Ragazzi del Maxwell per parlare di scelte future in Citt\u00e0 metropolitana"},"content":{"rendered":"<p>Circa 300 studenti delle classi quarte e quinte degli istituti di istruzione superiore, accompagnati dai loro docenti, si sono dati appuntamento oggi nell\u2019auditorium della Citt\u00e0 metropolitana di Torino per una mattinata di condivisione e scambio dedicata all\u2019orientamento, intitolata \u201cLe scelte possibili\u201d, durante la quale ragazzi e ragazze hanno avuto la possibilit\u00e0 di dialogare, in una vera e propria conferenza ribaltata, con una ventina di imprenditori e professionisti appartenenti a diverse categorie del mondo del lavoro. Otto le scuole intervenute all\u2019incontro, tra cui sette di Torino (Istituto San Secondo, IIS Russell-Moro-Guarini, IIS Peano, IIS Lagrange, IIS Zerboni, ITTS Grassi e Liceo Gioberti) e una, l\u2019IIS Maxwell, di Nichelino.<\/p>\n<p>&nbsp;<\/p>\n<p>Dopo i saluti istituzionali della consigliera metropolitana con delega all\u2019istruzione e all\u2019orientamento, Caterina Greco, si \u00e8 tenuta la presentazione dei partner e delle categorie degli imprenditori da parte dei rappresentanti delle organizzazioni che hanno pianificato l\u2019evento insieme alla Citt\u00e0 metropolitana. Hanno preso la parola Luca Furfaro di Yes4To, Gianmarco Piola di Piemonte Innova e Giovanni Chi\u00f2 di Confagricoltura.<\/p>\n<p>&nbsp;<\/p>\n<p>Quindi la parola \u00e8 passata ai professionisti, che hanno presentato s\u00e9 stessi e il loro campo di attivit\u00e0, e subito dopo alle studentesse e agli studenti, che hanno avuto la possibilit\u00e0 di confrontarsi con esponenti di una quindicina di settori lavorativi in maniera libera e aperta, per trarre suggerimenti, spunti e idee \u2013 anche non convenzionali \u2013 sulle strade da intraprendere dopo la scuola superiore, sia per cercare subito un\u2019occupazione che per intraprendere gli studi universitari.<\/p>\n<p>Diverse le domande sul percorso per diventare imprenditore, sui costi e benefici dell\u2019intelligenza artificiale, ma anche su professioni poco comuni, come quella dell\u2019attore, o all\u2019apparenza meno prestigiose, come quella del camionista. Nelle risposte, oltre a indicazioni tecniche specifiche dei vari campi, sono emersi significativi consigli legati al piano caratteriale: \u201cImparate ad avere pazienza e a saper fare sacrifici, le cose non arrivano tutte e subito\u201d; \u201cSperimentate, viaggiate, contaminatevi, non concentratevi solo sul curriculum\u201d; \u201cNon abbiate paura di sbagliare, cercate di fallire il pi\u00f9 possibile, comprendete i vostri limiti per superarli\u201d.<\/p>\n<p>&nbsp;<\/p>\n<p>L\u2019incontro di oggi rientra in un progetto sull\u2019orientamento che la Citt\u00e0 metropolitana ha voluto fortemente e che \u00e8 in corso da due anni. \u201cA questo punto vogliamo approfondire due aspetti\u201d ha spiegato la consigliera Greco: \u201cl\u2019interazione fra scuola e mondo del lavoro e l\u2019analisi del profilo personale degli studenti e delle studentesse. Nel primo caso, sono state stipulate delle intese di collaborazione con importanti associazioni di categoria degli imprenditori, e il primo appuntamento frutto di tale collaborazione \u00e8 proprio la conferenza odierna\u201d.<\/p>\n<p>Per quanto riguarda l\u2019analisi del profilo personale, ha proseguito Greco, \u201cin Citt\u00e0 metropolitana stiamo studiando la creazione di un punto di accoglienza, di ascolto ma non solo, per i ragazzi e le ragazze in difficolt\u00e0 con gli studi e che intendano chiarirsi le idee, eventualmente anche per cambiare la loro scelta quando essa si sia rivelata errata: uno dei fattori della dispersione scolastica, che \u00e8 salita al 12-13% e che desideriamo fortemente combattere\u201d.<\/p>\n","protected":false},"excerpt":{"rendered":"","protected":false},"author":11,"featured_media":71046,"comment_status":"open","ping_status":"closed","sticky":false,"template":"","format":"standard","meta":[],"categories":[8],"tags":[],"news-destination":[],"news-source":[],"is_homepage":[581],"ta_other":[],"_links":{"self":[{"href":"https:\/\/www.ilmercoledi.news\/ilmercoledi\/news\/wp-json\/wp\/v2\/posts\/71047"}],"collection":[{"href":"https:\/\/www.ilmercoledi.news\/ilmercoledi\/news\/wp-json\/wp\/v2\/posts"}],"about":[{"href":"https:\/\/www.ilmercoledi.news\/ilmercoledi\/news\/wp-json\/wp\/v2\/types\/post"}],"author":[{"embeddable":true,"href":"https:\/\/www.ilmercoledi.news\/ilmercoledi\/news\/wp-json\/wp\/v2\/users\/11"}],"replies":[{"embeddable":true,"href":"https:\/\/www.ilmercoledi.news\/ilmercoledi\/news\/wp-json\/wp\/v2\/comments?post=71047"}],"version-history":[{"count":0,"href":"https:\/\/www.ilmercoledi.news\/ilmercoledi\/news\/wp-json\/wp\/v2\/posts\/71047\/revisions"}],"wp:featuredmedia":[{"embeddable":true,"href":"https:\/\/www.ilmercoledi.news\/ilmercoledi\/news\/wp-json\/wp\/v2\/media\/71046"}],"wp:attachment":[{"href":"https:\/\/www.ilmercoledi.news\/ilmercoledi\/news\/wp-json\/wp\/v2\/media?parent=71047"}],"wp:term":[{"taxonomy":"category","embeddable":true,"href":"https:\/\/www.ilmercoledi.news\/ilmercoledi\/news\/wp-json\/wp\/v2\/categories?post=71047"},{"taxonomy":"post_tag","embeddable":true,"href":"https:\/\/www.ilmercoledi.news\/ilmercoledi\/news\/wp-json\/wp\/v2\/tags?post=71047"},{"taxonomy":"news-destination","embeddable":true,"href":"https:\/\/www.ilmercoledi.news\/ilmercoledi\/news\/wp-json\/wp\/v2\/news-destination?post=71047"},{"taxonomy":"news-source","embeddable":true,"href":"https:\/\/www.ilmercoledi.news\/ilmercoledi\/news\/wp-json\/wp\/v2\/news-source?post=71047"},{"taxonomy":"is_homepage","embeddable":true,"href":"https:\/\/www.ilmercoledi.news\/ilmercoledi\/news\/wp-json\/wp\/v2\/is_homepage?post=71047"},{"taxonomy":"ta_other","embeddable":true,"href":"https:\/\/www.ilmercoledi.news\/ilmercoledi\/news\/wp-json\/wp\/v2\/ta_other?post=71047"}],"curies":[{"name":"wp","href":"https:\/\/api.w.org\/{rel}","templated":true}]}}