{"id":71113,"date":"2024-12-05T21:50:44","date_gmt":"2024-12-05T20:50:44","guid":{"rendered":"https:\/\/euwps05.newsmemory.com\/ilmercoledi\/news\/?p=71113"},"modified":"2024-12-05T21:51:27","modified_gmt":"2024-12-05T20:51:27","slug":"regione-non-verra-ripristinata-la-fermata-dei-treni-veloci-trofarello","status":"publish","type":"post","link":"https:\/\/www.ilmercoledi.news\/2024\/12\/05\/regione-non-verra-ripristinata-la-fermata-dei-treni-veloci-trofarello\/","title":{"rendered":"REGIONE &#8211; Non verr\u00e0 ripristinata la fermata dei treni veloci a Trofarello"},"content":{"rendered":"<p>Niente ripristino della fermata per i treni veloci a Trofarello. &#8220;Ho interrogato l\u2019Assessore Gabusi per capire quali siano le ragioni per le quali \u00e8 stata soppressa la fermata dei treni veloci a Trofarello e se tali motivazioni sussistano ancora oggi\u201d spiega la Consigliera regionale del Partito Democratico Laura Pompeo.<\/p>\n<p>&nbsp;<\/p>\n<p>\u201cL\u2019Assessore ai Trasporti \u2013 prosegue la Consigliera Pd \u2013 dopo aver elencato tutti i servizi di trasporto ferroviario che interessano il territorio e aver precisato che questa organizzazione \u00e8 tale dal 2012, ha confermato che permarr\u00e0 lo status quo e che la Regione non ha nessuna intenzione di ripristinare la fermata di Trofarello, adducendo come motivazione che la fermata metterebbe in difficolt\u00e0 la gestione del nodo di Torino. Ha, inoltre, precisato che il territorio \u00e8 molto ben servito anche senza che i treni fermino a Trofarello. Eppure il ripristino di questa fermata \u00e8 stato richiesta anche dal Consiglio comunale di Trofarello con una mozione. Non condivido, quindi, la decisione della Giunta regionale di non prevedere questa fermata\u201d.<\/p>\n<p>&nbsp;<\/p>\n<p>\u201cLa risposta di Gabusi \u2013 conclude la Consigliera Pompeo \u2013 va in direzione contraria rispetto alle richieste di un territorio con un bacino di utenza di oltre 150mila abitanti che ritengo dovrebbero essere ascoltate con maggiore attenzione\u201d.<\/p>\n","protected":false},"excerpt":{"rendered":"","protected":false},"author":11,"featured_media":69606,"comment_status":"open","ping_status":"closed","sticky":false,"template":"","format":"standard","meta":[],"categories":[8],"tags":[],"news-destination":[],"news-source":[],"is_homepage":[581],"ta_other":[],"_links":{"self":[{"href":"https:\/\/www.ilmercoledi.news\/ilmercoledi\/news\/wp-json\/wp\/v2\/posts\/71113"}],"collection":[{"href":"https:\/\/www.ilmercoledi.news\/ilmercoledi\/news\/wp-json\/wp\/v2\/posts"}],"about":[{"href":"https:\/\/www.ilmercoledi.news\/ilmercoledi\/news\/wp-json\/wp\/v2\/types\/post"}],"author":[{"embeddable":true,"href":"https:\/\/www.ilmercoledi.news\/ilmercoledi\/news\/wp-json\/wp\/v2\/users\/11"}],"replies":[{"embeddable":true,"href":"https:\/\/www.ilmercoledi.news\/ilmercoledi\/news\/wp-json\/wp\/v2\/comments?post=71113"}],"version-history":[{"count":0,"href":"https:\/\/www.ilmercoledi.news\/ilmercoledi\/news\/wp-json\/wp\/v2\/posts\/71113\/revisions"}],"wp:featuredmedia":[{"embeddable":true,"href":"https:\/\/www.ilmercoledi.news\/ilmercoledi\/news\/wp-json\/wp\/v2\/media\/69606"}],"wp:attachment":[{"href":"https:\/\/www.ilmercoledi.news\/ilmercoledi\/news\/wp-json\/wp\/v2\/media?parent=71113"}],"wp:term":[{"taxonomy":"category","embeddable":true,"href":"https:\/\/www.ilmercoledi.news\/ilmercoledi\/news\/wp-json\/wp\/v2\/categories?post=71113"},{"taxonomy":"post_tag","embeddable":true,"href":"https:\/\/www.ilmercoledi.news\/ilmercoledi\/news\/wp-json\/wp\/v2\/tags?post=71113"},{"taxonomy":"news-destination","embeddable":true,"href":"https:\/\/www.ilmercoledi.news\/ilmercoledi\/news\/wp-json\/wp\/v2\/news-destination?post=71113"},{"taxonomy":"news-source","embeddable":true,"href":"https:\/\/www.ilmercoledi.news\/ilmercoledi\/news\/wp-json\/wp\/v2\/news-source?post=71113"},{"taxonomy":"is_homepage","embeddable":true,"href":"https:\/\/www.ilmercoledi.news\/ilmercoledi\/news\/wp-json\/wp\/v2\/is_homepage?post=71113"},{"taxonomy":"ta_other","embeddable":true,"href":"https:\/\/www.ilmercoledi.news\/ilmercoledi\/news\/wp-json\/wp\/v2\/ta_other?post=71113"}],"curies":[{"name":"wp","href":"https:\/\/api.w.org\/{rel}","templated":true}]}}