{"id":71116,"date":"2024-12-06T06:24:41","date_gmt":"2024-12-06T05:24:41","guid":{"rendered":"https:\/\/euwps05.newsmemory.com\/ilmercoledi\/news\/?p=71116"},"modified":"2024-12-06T06:25:59","modified_gmt":"2024-12-06T05:25:59","slug":"coldiretti-carlo-loffreda-nuovo-direttore-torino","status":"publish","type":"post","link":"https:\/\/www.ilmercoledi.news\/2024\/12\/06\/coldiretti-carlo-loffreda-nuovo-direttore-torino\/","title":{"rendered":"COLDIRETTI &#8211; Carlo Loffreda nuovo direttore a Torino"},"content":{"rendered":"<p>Cambio ai vertici della struttura organizzativa di Coldiretti Torino. Il direttore Andrea Repossini lascia l\u2019incarico per andare a dirigere Coldiretti Brescia. Al suo posto subentra Carlo Loffreda, attuale direttore della Federazione provinciale di Bergamo.<\/p>\n<p>&nbsp;<\/p>\n<p>La decisione \u00e8 stata votata questa mattina dal Consiglio direttivo di Coldiretti Torino, presenti anche il delegato confederale per il Piemonte e la Liguria, Bruno Rivarossa, e il capo servizio tecnico di Coldiretti Nazionale, Alessandro Apolito.<\/p>\n<p>&nbsp;<\/p>\n<p>Carlo Loffreda, campano di 38 anni, laureato in agraria, dopo aver maturato un\u2019esperienza biennale presso la Coldiretti di Brescia come responsabile di Campagna Amica ha ricoperto l\u2019incarico di condirettore alla Coldiretti di Rieti e dal 2021 \u00e8 direttore di Coldiretti Bergamo.<\/p>\n<p>&nbsp;<\/p>\n<p>\u00abAffronto con entusiasmo e senso di responsabilit\u00e0 la direzione alla Coldiretti di Torino \u2013 afferma Carlo Loffreda -. Ho gi\u00e0 avuto modo di vedere che l\u2019agricoltura torinese \u00e8 una realt\u00e0 di primo piano con aziende all\u2019avanguardia e prodotti di eccellenza. Il mio impegno sar\u00e0 quello di lavorare con tutta la struttura per far crescere ulteriormente il settore e renderlo sempre pi\u00f9 protagonista nel tessuto economico locale e nella societ\u00e0. La mia attenzione sar\u00e0 rivolta a tutte le filiere e a tutti i comparti, mi metto da subito a disposizione per incontrare i dirigenti e gli associati perch\u00e9 ci attende un grande lavoro per affrontare le sfide che si prospettano, dalla transizione ecologica ai cambiamenti climatici, dalle turbolenze dei mercati alla difesa della difesa della dieta mediterranea fino al dialogo con il consumatore che dovr\u00e0 continuare a crescere e ad essere sempre pi\u00f9 costruttivo\u00bb.<\/p>\n<p>&nbsp;<\/p>\n<p>\u00abSono stati 5 anni davvero intensi \u2013 commenta Andrea Repossini \u2013 Come Federazione di Torino abbiamo dovuto affrontare sfide importanti a partire dalla comunicazione nei territori delle battaglie messe in campo da Coldiretti e l\u2019intensificazione del rapporto con i soci. In pi\u00f9 occasioni abbiamo chiamato gli agricoltori a scendere in piazza per difendere l\u2019agricoltura e l\u2019ambiente. Abbiamo anche rafforzato il rapporto con i consumatori aprendo nuovi mercati di Campagna Amica. Mentre a livello interno abbiamo razionalizzato la rete organizzativa ma senza togliere nulla alla qualit\u00e0 dei servizi erogati dai nostri Uffici di Zona dove gli agricoltori continuano a rivolgersi confermando la loro fiducia\u00bb.<\/p>\n<p>&nbsp;<\/p>\n<p>Il presidente di Coldiretti Torino, Bruno Mecca Cici saluta il nuovo direttore anche a nome dei soci.<\/p>\n<p>&nbsp;<\/p>\n<p>\u00abInnanzitutto rivolgo un doveroso ringraziamento al direttore Andrea Repossini con il quale ho condiviso le molte battaglie e i successi di questi anni. Siamo sicuri che il nuovo direttore sapr\u00e0 essere vicino alle esigenze degli agricoltori alla guida della struttura interna di una federazione come quella torinese che ha una presenza capillare degli uffici di Zona, offre servizi completi ai soci ma soprattutto \u00e8 in stretti rapporti con tutte le amministrazioni locali. Tante sono le battaglie che ci attendono. L\u2019agricoltura torinese \u00e8 sotto attacco per il consumo di suolo, per i prezzi insufficienti riconosciuti agli agricoltori, per le norme anti inquinamento che addossano tutte le colpe alle aziende agricole, per la presenza non risolta di fauna selvatica che distrugge il nostro lavoro. Ma, pi\u00f9 in generale, \u00e8 necessario fare in modo che nel territorio venga riconosciuta all\u2019agricoltura quell\u2019importanza strategica che ha un comparto che produce cibo per tutti i cittadini\u00bb.<\/p>\n","protected":false},"excerpt":{"rendered":"","protected":false},"author":11,"featured_media":71115,"comment_status":"open","ping_status":"closed","sticky":false,"template":"","format":"standard","meta":[],"categories":[8],"tags":[],"news-destination":[],"news-source":[],"is_homepage":[581],"ta_other":[],"_links":{"self":[{"href":"https:\/\/www.ilmercoledi.news\/ilmercoledi\/news\/wp-json\/wp\/v2\/posts\/71116"}],"collection":[{"href":"https:\/\/www.ilmercoledi.news\/ilmercoledi\/news\/wp-json\/wp\/v2\/posts"}],"about":[{"href":"https:\/\/www.ilmercoledi.news\/ilmercoledi\/news\/wp-json\/wp\/v2\/types\/post"}],"author":[{"embeddable":true,"href":"https:\/\/www.ilmercoledi.news\/ilmercoledi\/news\/wp-json\/wp\/v2\/users\/11"}],"replies":[{"embeddable":true,"href":"https:\/\/www.ilmercoledi.news\/ilmercoledi\/news\/wp-json\/wp\/v2\/comments?post=71116"}],"version-history":[{"count":1,"href":"https:\/\/www.ilmercoledi.news\/ilmercoledi\/news\/wp-json\/wp\/v2\/posts\/71116\/revisions"}],"predecessor-version":[{"id":71117,"href":"https:\/\/www.ilmercoledi.news\/ilmercoledi\/news\/wp-json\/wp\/v2\/posts\/71116\/revisions\/71117"}],"wp:featuredmedia":[{"embeddable":true,"href":"https:\/\/www.ilmercoledi.news\/ilmercoledi\/news\/wp-json\/wp\/v2\/media\/71115"}],"wp:attachment":[{"href":"https:\/\/www.ilmercoledi.news\/ilmercoledi\/news\/wp-json\/wp\/v2\/media?parent=71116"}],"wp:term":[{"taxonomy":"category","embeddable":true,"href":"https:\/\/www.ilmercoledi.news\/ilmercoledi\/news\/wp-json\/wp\/v2\/categories?post=71116"},{"taxonomy":"post_tag","embeddable":true,"href":"https:\/\/www.ilmercoledi.news\/ilmercoledi\/news\/wp-json\/wp\/v2\/tags?post=71116"},{"taxonomy":"news-destination","embeddable":true,"href":"https:\/\/www.ilmercoledi.news\/ilmercoledi\/news\/wp-json\/wp\/v2\/news-destination?post=71116"},{"taxonomy":"news-source","embeddable":true,"href":"https:\/\/www.ilmercoledi.news\/ilmercoledi\/news\/wp-json\/wp\/v2\/news-source?post=71116"},{"taxonomy":"is_homepage","embeddable":true,"href":"https:\/\/www.ilmercoledi.news\/ilmercoledi\/news\/wp-json\/wp\/v2\/is_homepage?post=71116"},{"taxonomy":"ta_other","embeddable":true,"href":"https:\/\/www.ilmercoledi.news\/ilmercoledi\/news\/wp-json\/wp\/v2\/ta_other?post=71116"}],"curies":[{"name":"wp","href":"https:\/\/api.w.org\/{rel}","templated":true}]}}