{"id":71395,"date":"2024-12-19T07:10:21","date_gmt":"2024-12-19T06:10:21","guid":{"rendered":"https:\/\/euwps05.newsmemory.com\/ilmercoledi\/news\/?p=71395"},"modified":"2024-12-22T09:53:25","modified_gmt":"2024-12-22T08:53:25","slug":"vinovo-ultimo-appuntamento-dellanno-per-le-letture-al-castello","status":"publish","type":"post","link":"https:\/\/www.ilmercoledi.news\/2024\/12\/19\/vinovo-ultimo-appuntamento-dellanno-per-le-letture-al-castello\/","title":{"rendered":"VINOVO &#8211; Ultimo appuntamento dell&#8217;anno per le letture al castello"},"content":{"rendered":"<p>Ultimo appuntamento dell\u2019anno con i laboratori di lettura per bambini della biblioteca Civica di Vinovo promossi dall\u2019assessorato alla Cultura. Luned\u00ec 23 dicembre, alle ore 16.30, \u201cNatale al Castello\u201d \u00e8 un mix di letture e laboratorio creativo per bimbe e bimbi dai 3 anni in su che potranno parteciparvi con genitori, nonni, fratelli pi\u00f9 grandi. Per informazioni, tel. 011.9931006.<\/p>\n<p>La Biblioteca ricorda ai lettori che osserver\u00e0 un periodo di chiusura in concomitanza del Natale da marted\u00ec 24 dicembre a gioved\u00ec 1 gennaio compresi. La Civica riaprir\u00e0 con il consueto orario a partire da venerd\u00ec 2 gennaio. Bibliotecaria e volontari augurano ai lettori grandi e piccoli buon Natale e danno l\u2019arrivederci all\u2019anno prossimo.<\/p>\n","protected":false},"excerpt":{"rendered":"","protected":false},"author":11,"featured_media":47206,"comment_status":"open","ping_status":"closed","sticky":false,"template":"","format":"standard","meta":[],"categories":[8],"tags":[],"news-destination":[],"news-source":[],"is_homepage":[581],"ta_other":[],"_links":{"self":[{"href":"https:\/\/www.ilmercoledi.news\/ilmercoledi\/news\/wp-json\/wp\/v2\/posts\/71395"}],"collection":[{"href":"https:\/\/www.ilmercoledi.news\/ilmercoledi\/news\/wp-json\/wp\/v2\/posts"}],"about":[{"href":"https:\/\/www.ilmercoledi.news\/ilmercoledi\/news\/wp-json\/wp\/v2\/types\/post"}],"author":[{"embeddable":true,"href":"https:\/\/www.ilmercoledi.news\/ilmercoledi\/news\/wp-json\/wp\/v2\/users\/11"}],"replies":[{"embeddable":true,"href":"https:\/\/www.ilmercoledi.news\/ilmercoledi\/news\/wp-json\/wp\/v2\/comments?post=71395"}],"version-history":[{"count":1,"href":"https:\/\/www.ilmercoledi.news\/ilmercoledi\/news\/wp-json\/wp\/v2\/posts\/71395\/revisions"}],"predecessor-version":[{"id":71396,"href":"https:\/\/www.ilmercoledi.news\/ilmercoledi\/news\/wp-json\/wp\/v2\/posts\/71395\/revisions\/71396"}],"wp:featuredmedia":[{"embeddable":true,"href":"https:\/\/www.ilmercoledi.news\/ilmercoledi\/news\/wp-json\/wp\/v2\/media\/47206"}],"wp:attachment":[{"href":"https:\/\/www.ilmercoledi.news\/ilmercoledi\/news\/wp-json\/wp\/v2\/media?parent=71395"}],"wp:term":[{"taxonomy":"category","embeddable":true,"href":"https:\/\/www.ilmercoledi.news\/ilmercoledi\/news\/wp-json\/wp\/v2\/categories?post=71395"},{"taxonomy":"post_tag","embeddable":true,"href":"https:\/\/www.ilmercoledi.news\/ilmercoledi\/news\/wp-json\/wp\/v2\/tags?post=71395"},{"taxonomy":"news-destination","embeddable":true,"href":"https:\/\/www.ilmercoledi.news\/ilmercoledi\/news\/wp-json\/wp\/v2\/news-destination?post=71395"},{"taxonomy":"news-source","embeddable":true,"href":"https:\/\/www.ilmercoledi.news\/ilmercoledi\/news\/wp-json\/wp\/v2\/news-source?post=71395"},{"taxonomy":"is_homepage","embeddable":true,"href":"https:\/\/www.ilmercoledi.news\/ilmercoledi\/news\/wp-json\/wp\/v2\/is_homepage?post=71395"},{"taxonomy":"ta_other","embeddable":true,"href":"https:\/\/www.ilmercoledi.news\/ilmercoledi\/news\/wp-json\/wp\/v2\/ta_other?post=71395"}],"curies":[{"name":"wp","href":"https:\/\/api.w.org\/{rel}","templated":true}]}}