{"id":71457,"date":"2024-12-23T14:56:00","date_gmt":"2024-12-23T13:56:00","guid":{"rendered":"https:\/\/euwps05.newsmemory.com\/ilmercoledi\/news\/?p=71457"},"modified":"2024-12-23T14:57:27","modified_gmt":"2024-12-23T13:57:27","slug":"nichelino-grisu-al-teatro-superga","status":"publish","type":"post","link":"https:\/\/www.ilmercoledi.news\/2024\/12\/23\/nichelino-grisu-al-teatro-superga\/","title":{"rendered":"NICHELINO &#8211; Gris\u00fa al Teatro Superga"},"content":{"rendered":"<p>\u201cGris\u00f9, un drago senza paura!\u201d \u00e8 la nuova produzione musicale di Fondazione Aida incentrata sul coraggioso draghetto sputafuoco creato dai fratelli Pagot negli anni Sessanta \u2013 pionieri dell\u2019animazione italiana e inventori di Calimero \u2013 tornato oggi sui piccoli schermi con una nuova serie 3d in onda su Rai Yoyo, coprodotta da Mondo TV e Marco Pagot con la partecipazione di ZDF Studios e Rai Kids.<\/p>\n<p>\u201cGris\u00f9, un drago senza paura!\u201d \u00e8 un vero e proprio musical per il giovane pubblico con drammaturgia e musiche originali ispirate ai personaggi della celeberrima serie animata oggi presentata in una nuova veste. Le vicende del draghetto, presentate nella serie animata sotto forma di brevi avventure, qui trovano una solida unit\u00e0, costruendo un percorso di crescita per i giovani protagonisti Gris\u00f9 e Stella (e perch\u00e9 no anche per i loro pap\u00e0) e di consapevolezza dei propri talenti e dei propri punti di forza.<\/p>\n<p>Lo spettacolo parla di sogni, di quanta forza e dedizione bisogna metterci per raggiungerli, di quanto si possa essere pi\u00f9 forti e determinati se ci si trova insieme ad un amico. I brani originali alternano atmosfere avventurose e giocose a momenti pi\u00f9 romantici e poetici per costruire un\u2019ora di narrazione avvincente adatta al giovane pubblico. Lo spazio sar\u00e0 un tributo ai cartoni animati e al teatro: fondali disegnati, pop up di elementi che si stratificano generando i diversi ambienti, elementi bidimensionali dipinti che scorrono, proprio come se la mano del disegnatore originale tracciasse i contorni di luoghi e personaggi. Anche i costumi appartengono al mondo fantastico della scenografia, con colori vivaci che creano personaggi ben delineati.<\/p>\n<p>Orari biglietteria: dal marted\u00ec al venerd\u00ec dalle 15 alle 19. I biglietti si possono acquistare presso la biglietteria del Teatro Superga, sul luogo dell\u2019evento nei giorni di spettacolo dalle ore 18, online su Ticketone.it.<\/p>\n","protected":false},"excerpt":{"rendered":"","protected":false},"author":11,"featured_media":11551,"comment_status":"open","ping_status":"closed","sticky":false,"template":"","format":"standard","meta":[],"categories":[8],"tags":[],"news-destination":[],"news-source":[],"is_homepage":[581],"ta_other":[],"_links":{"self":[{"href":"https:\/\/www.ilmercoledi.news\/ilmercoledi\/news\/wp-json\/wp\/v2\/posts\/71457"}],"collection":[{"href":"https:\/\/www.ilmercoledi.news\/ilmercoledi\/news\/wp-json\/wp\/v2\/posts"}],"about":[{"href":"https:\/\/www.ilmercoledi.news\/ilmercoledi\/news\/wp-json\/wp\/v2\/types\/post"}],"author":[{"embeddable":true,"href":"https:\/\/www.ilmercoledi.news\/ilmercoledi\/news\/wp-json\/wp\/v2\/users\/11"}],"replies":[{"embeddable":true,"href":"https:\/\/www.ilmercoledi.news\/ilmercoledi\/news\/wp-json\/wp\/v2\/comments?post=71457"}],"version-history":[{"count":1,"href":"https:\/\/www.ilmercoledi.news\/ilmercoledi\/news\/wp-json\/wp\/v2\/posts\/71457\/revisions"}],"predecessor-version":[{"id":71511,"href":"https:\/\/www.ilmercoledi.news\/ilmercoledi\/news\/wp-json\/wp\/v2\/posts\/71457\/revisions\/71511"}],"wp:featuredmedia":[{"embeddable":true,"href":"https:\/\/www.ilmercoledi.news\/ilmercoledi\/news\/wp-json\/wp\/v2\/media\/11551"}],"wp:attachment":[{"href":"https:\/\/www.ilmercoledi.news\/ilmercoledi\/news\/wp-json\/wp\/v2\/media?parent=71457"}],"wp:term":[{"taxonomy":"category","embeddable":true,"href":"https:\/\/www.ilmercoledi.news\/ilmercoledi\/news\/wp-json\/wp\/v2\/categories?post=71457"},{"taxonomy":"post_tag","embeddable":true,"href":"https:\/\/www.ilmercoledi.news\/ilmercoledi\/news\/wp-json\/wp\/v2\/tags?post=71457"},{"taxonomy":"news-destination","embeddable":true,"href":"https:\/\/www.ilmercoledi.news\/ilmercoledi\/news\/wp-json\/wp\/v2\/news-destination?post=71457"},{"taxonomy":"news-source","embeddable":true,"href":"https:\/\/www.ilmercoledi.news\/ilmercoledi\/news\/wp-json\/wp\/v2\/news-source?post=71457"},{"taxonomy":"is_homepage","embeddable":true,"href":"https:\/\/www.ilmercoledi.news\/ilmercoledi\/news\/wp-json\/wp\/v2\/is_homepage?post=71457"},{"taxonomy":"ta_other","embeddable":true,"href":"https:\/\/www.ilmercoledi.news\/ilmercoledi\/news\/wp-json\/wp\/v2\/ta_other?post=71457"}],"curies":[{"name":"wp","href":"https:\/\/api.w.org\/{rel}","templated":true}]}}