{"id":71561,"date":"2024-12-25T07:57:30","date_gmt":"2024-12-25T06:57:30","guid":{"rendered":"https:\/\/euwps06.newsmemory.com\/ilmercoledi\/news\/?p=71561"},"modified":"2024-12-25T07:57:32","modified_gmt":"2024-07-28T07:57:32","slug":"moncalieri-valanga-di-visite-alla-mostra-dei-presepi","status":"publish","type":"post","link":"https:\/\/www.ilmercoledi.news\/2024\/12\/25\/moncalieri-valanga-di-visite-alla-mostra-dei-presepi\/","title":{"rendered":"MONCALIERI &#8211; Valanga di visite alla mostra dei presepi"},"content":{"rendered":"<p>Oltre 5000 visitatori nei primi 8 giorni, l\u2019esposizione presidi dal mondo ospitata presso la sede della Famija Moncalereisa in via Alfieri 40 continua a mietere grande successo. Sono circa 120 le rappresentazioni della Nativit\u00e0, dal pi\u00f9 piccolo, che pu\u00f2 essere tenuto nel palmo della mano, ai pi\u00f9 grandi come il villaggio alpino o quello meccanico con personaggi in movimento ed e etti di luce o quello raffigurante un paesaggio palestinese. La mostra \u00e8 visitabile sino al 6 gennaio. Ingresso libero. Orario 15-19.<\/p>\n","protected":false},"excerpt":{"rendered":"","protected":false},"author":11,"featured_media":57004,"comment_status":"open","ping_status":"closed","sticky":false,"template":"","format":"standard","meta":[],"categories":[8],"tags":[],"news-destination":[],"news-source":[],"is_homepage":[581],"ta_other":[],"_links":{"self":[{"href":"https:\/\/www.ilmercoledi.news\/ilmercoledi\/news\/wp-json\/wp\/v2\/posts\/71561"}],"collection":[{"href":"https:\/\/www.ilmercoledi.news\/ilmercoledi\/news\/wp-json\/wp\/v2\/posts"}],"about":[{"href":"https:\/\/www.ilmercoledi.news\/ilmercoledi\/news\/wp-json\/wp\/v2\/types\/post"}],"author":[{"embeddable":true,"href":"https:\/\/www.ilmercoledi.news\/ilmercoledi\/news\/wp-json\/wp\/v2\/users\/11"}],"replies":[{"embeddable":true,"href":"https:\/\/www.ilmercoledi.news\/ilmercoledi\/news\/wp-json\/wp\/v2\/comments?post=71561"}],"version-history":[{"count":0,"href":"https:\/\/www.ilmercoledi.news\/ilmercoledi\/news\/wp-json\/wp\/v2\/posts\/71561\/revisions"}],"wp:featuredmedia":[{"embeddable":true,"href":"https:\/\/www.ilmercoledi.news\/ilmercoledi\/news\/wp-json\/wp\/v2\/media\/57004"}],"wp:attachment":[{"href":"https:\/\/www.ilmercoledi.news\/ilmercoledi\/news\/wp-json\/wp\/v2\/media?parent=71561"}],"wp:term":[{"taxonomy":"category","embeddable":true,"href":"https:\/\/www.ilmercoledi.news\/ilmercoledi\/news\/wp-json\/wp\/v2\/categories?post=71561"},{"taxonomy":"post_tag","embeddable":true,"href":"https:\/\/www.ilmercoledi.news\/ilmercoledi\/news\/wp-json\/wp\/v2\/tags?post=71561"},{"taxonomy":"news-destination","embeddable":true,"href":"https:\/\/www.ilmercoledi.news\/ilmercoledi\/news\/wp-json\/wp\/v2\/news-destination?post=71561"},{"taxonomy":"news-source","embeddable":true,"href":"https:\/\/www.ilmercoledi.news\/ilmercoledi\/news\/wp-json\/wp\/v2\/news-source?post=71561"},{"taxonomy":"is_homepage","embeddable":true,"href":"https:\/\/www.ilmercoledi.news\/ilmercoledi\/news\/wp-json\/wp\/v2\/is_homepage?post=71561"},{"taxonomy":"ta_other","embeddable":true,"href":"https:\/\/www.ilmercoledi.news\/ilmercoledi\/news\/wp-json\/wp\/v2\/ta_other?post=71561"}],"curies":[{"name":"wp","href":"https:\/\/api.w.org\/{rel}","templated":true}]}}