{"id":71564,"date":"2024-12-25T08:04:06","date_gmt":"2024-12-25T07:04:06","guid":{"rendered":"https:\/\/euwps06.newsmemory.com\/ilmercoledi\/news\/?p=71564"},"modified":"2024-12-25T08:04:08","modified_gmt":"2024-07-28T08:04:08","slug":"nichelino-riparte-il-corso-per-la-street-art","status":"publish","type":"post","link":"https:\/\/www.ilmercoledi.news\/2024\/12\/25\/nichelino-riparte-il-corso-per-la-street-art\/","title":{"rendered":"NICHELINO &#8211; Riparte il corso per la street art"},"content":{"rendered":"<p>Riparte l&#8217;iniziativa Nichelino Lights Up, il progetto che sta trasformando Nichelino in una galleria d\u2019arte a cielo aperto grazie alla street art e alla creativit\u00e0 delle giovani generazioni.<\/p>\n<p>A partire dal 14 gennaio ci saranno tre nuovi laboratori artistici a cui i giovani potranno iscriversi: serigrafia (marted\u00ec, dalle 15 alle 17); graffiti Lab (mercoled\u00ec, dalle 15 alle 17); tecniche pittoriche (gioved\u00ec, dalle 16.30 alle 18.30).<\/p>\n<p>Le iscrizioni sono gi\u00e0 aperte: \u201cNon perdete questa opportunit\u00e0 per esprimere il vostro talento e contribuire a cambiare il volto della nostra citt\u00e0\u201d, \u00e8 l\u2019invito dell\u2019assessore Fiodor Verzola.<\/p>\n<p>&nbsp;<\/p>\n<p>Info ed iscrizioni all\u2019Infor-magiovani Nichelino, via Galimberti 3.<\/p>\n","protected":false},"excerpt":{"rendered":"","protected":false},"author":11,"featured_media":50955,"comment_status":"open","ping_status":"closed","sticky":false,"template":"","format":"standard","meta":[],"categories":[8],"tags":[],"news-destination":[],"news-source":[],"is_homepage":[581],"ta_other":[],"_links":{"self":[{"href":"https:\/\/www.ilmercoledi.news\/ilmercoledi\/news\/wp-json\/wp\/v2\/posts\/71564"}],"collection":[{"href":"https:\/\/www.ilmercoledi.news\/ilmercoledi\/news\/wp-json\/wp\/v2\/posts"}],"about":[{"href":"https:\/\/www.ilmercoledi.news\/ilmercoledi\/news\/wp-json\/wp\/v2\/types\/post"}],"author":[{"embeddable":true,"href":"https:\/\/www.ilmercoledi.news\/ilmercoledi\/news\/wp-json\/wp\/v2\/users\/11"}],"replies":[{"embeddable":true,"href":"https:\/\/www.ilmercoledi.news\/ilmercoledi\/news\/wp-json\/wp\/v2\/comments?post=71564"}],"version-history":[{"count":0,"href":"https:\/\/www.ilmercoledi.news\/ilmercoledi\/news\/wp-json\/wp\/v2\/posts\/71564\/revisions"}],"wp:featuredmedia":[{"embeddable":true,"href":"https:\/\/www.ilmercoledi.news\/ilmercoledi\/news\/wp-json\/wp\/v2\/media\/50955"}],"wp:attachment":[{"href":"https:\/\/www.ilmercoledi.news\/ilmercoledi\/news\/wp-json\/wp\/v2\/media?parent=71564"}],"wp:term":[{"taxonomy":"category","embeddable":true,"href":"https:\/\/www.ilmercoledi.news\/ilmercoledi\/news\/wp-json\/wp\/v2\/categories?post=71564"},{"taxonomy":"post_tag","embeddable":true,"href":"https:\/\/www.ilmercoledi.news\/ilmercoledi\/news\/wp-json\/wp\/v2\/tags?post=71564"},{"taxonomy":"news-destination","embeddable":true,"href":"https:\/\/www.ilmercoledi.news\/ilmercoledi\/news\/wp-json\/wp\/v2\/news-destination?post=71564"},{"taxonomy":"news-source","embeddable":true,"href":"https:\/\/www.ilmercoledi.news\/ilmercoledi\/news\/wp-json\/wp\/v2\/news-source?post=71564"},{"taxonomy":"is_homepage","embeddable":true,"href":"https:\/\/www.ilmercoledi.news\/ilmercoledi\/news\/wp-json\/wp\/v2\/is_homepage?post=71564"},{"taxonomy":"ta_other","embeddable":true,"href":"https:\/\/www.ilmercoledi.news\/ilmercoledi\/news\/wp-json\/wp\/v2\/ta_other?post=71564"}],"curies":[{"name":"wp","href":"https:\/\/api.w.org\/{rel}","templated":true}]}}