{"id":71699,"date":"2025-01-02T07:09:52","date_gmt":"2025-01-02T06:09:52","guid":{"rendered":"https:\/\/euwps05.newsmemory.com\/ilmercoledi\/news\/?p=71699"},"modified":"2025-01-02T07:10:36","modified_gmt":"2025-01-02T06:10:36","slug":"vinovo-il-primo-dellanno-nemmeno-un-bar-aperto-la-polemica-corre-sui-social","status":"publish","type":"post","link":"https:\/\/www.ilmercoledi.news\/2025\/01\/02\/vinovo-il-primo-dellanno-nemmeno-un-bar-aperto-la-polemica-corre-sui-social\/","title":{"rendered":"VINOVO &#8211; &#8216;Il primo dell&#8217;anno nemmeno un bar aperto&#8217; la polemica corre sui social"},"content":{"rendered":"<p>&#8220;Com&#8217;\u00e9 possibile che il primo di gennaio a Vinovo non ci sia nemmeno un bar aperto? Un gruppo di persone che voleva visitare il castello si \u00e9 ritrovato.poi spaesato senza nemmeno poter prendere un caff\u00e8. Non \u00e9 una bella immagine&#8221;. La polemica corre sui social e riguarda Vinovo con la chiusura di tutti i bar nel primo di gennaio. C&#8217;\u00e8 chi \u00e9 a favore e contro questa decisione degli esercenti: &#8220;Tutti hanno il diritto di festeggiare il 1 dicembre gennaio con le loro famiglie&#8221;, la posizione di alcuni. &#8220;Almeno un bar dovrebbe essere aperto al mattino e uno al pomeriggio&#8221;, rispondono altri.<\/p>\n","protected":false},"excerpt":{"rendered":"","protected":false},"author":11,"featured_media":18387,"comment_status":"open","ping_status":"closed","sticky":false,"template":"","format":"standard","meta":[],"categories":[8],"tags":[],"news-destination":[],"news-source":[],"is_homepage":[581],"ta_other":[],"_links":{"self":[{"href":"https:\/\/www.ilmercoledi.news\/ilmercoledi\/news\/wp-json\/wp\/v2\/posts\/71699"}],"collection":[{"href":"https:\/\/www.ilmercoledi.news\/ilmercoledi\/news\/wp-json\/wp\/v2\/posts"}],"about":[{"href":"https:\/\/www.ilmercoledi.news\/ilmercoledi\/news\/wp-json\/wp\/v2\/types\/post"}],"author":[{"embeddable":true,"href":"https:\/\/www.ilmercoledi.news\/ilmercoledi\/news\/wp-json\/wp\/v2\/users\/11"}],"replies":[{"embeddable":true,"href":"https:\/\/www.ilmercoledi.news\/ilmercoledi\/news\/wp-json\/wp\/v2\/comments?post=71699"}],"version-history":[{"count":0,"href":"https:\/\/www.ilmercoledi.news\/ilmercoledi\/news\/wp-json\/wp\/v2\/posts\/71699\/revisions"}],"wp:featuredmedia":[{"embeddable":true,"href":"https:\/\/www.ilmercoledi.news\/ilmercoledi\/news\/wp-json\/wp\/v2\/media\/18387"}],"wp:attachment":[{"href":"https:\/\/www.ilmercoledi.news\/ilmercoledi\/news\/wp-json\/wp\/v2\/media?parent=71699"}],"wp:term":[{"taxonomy":"category","embeddable":true,"href":"https:\/\/www.ilmercoledi.news\/ilmercoledi\/news\/wp-json\/wp\/v2\/categories?post=71699"},{"taxonomy":"post_tag","embeddable":true,"href":"https:\/\/www.ilmercoledi.news\/ilmercoledi\/news\/wp-json\/wp\/v2\/tags?post=71699"},{"taxonomy":"news-destination","embeddable":true,"href":"https:\/\/www.ilmercoledi.news\/ilmercoledi\/news\/wp-json\/wp\/v2\/news-destination?post=71699"},{"taxonomy":"news-source","embeddable":true,"href":"https:\/\/www.ilmercoledi.news\/ilmercoledi\/news\/wp-json\/wp\/v2\/news-source?post=71699"},{"taxonomy":"is_homepage","embeddable":true,"href":"https:\/\/www.ilmercoledi.news\/ilmercoledi\/news\/wp-json\/wp\/v2\/is_homepage?post=71699"},{"taxonomy":"ta_other","embeddable":true,"href":"https:\/\/www.ilmercoledi.news\/ilmercoledi\/news\/wp-json\/wp\/v2\/ta_other?post=71699"}],"curies":[{"name":"wp","href":"https:\/\/api.w.org\/{rel}","templated":true}]}}