{"id":71703,"date":"2025-01-02T07:28:52","date_gmt":"2025-01-02T06:28:52","guid":{"rendered":"https:\/\/euwps05.newsmemory.com\/ilmercoledi\/news\/?p=71703"},"modified":"2025-01-02T07:29:46","modified_gmt":"2025-01-02T06:29:46","slug":"arpa-taglio-dei-costi-due-giorni-di-chiusura-degli-uffici","status":"publish","type":"post","link":"https:\/\/www.ilmercoledi.news\/2025\/01\/02\/arpa-taglio-dei-costi-due-giorni-di-chiusura-degli-uffici\/","title":{"rendered":"ARPA &#8211; Taglio dei costi, due giorni di chiusura degli uffici"},"content":{"rendered":"<p>Taglio dei costi, gli ufficiali Arpa chiusi oggi e domani.<\/p>\n<p>La decisione \u00e8 stata presa sulla base delle analisi della spesa giornaliera sostenuta dall\u2019Agenzia per tutte le sue sedi tenendo anche conto che durante le feste natalizie si registra un minore afflusso di pubblico presso gli uffici e richieste di interventi limitate in genere alle sole emergenze.<\/p>\n<p>Cos\u00ec come durante tutti i giorni festivi e prefestivi saranno garantite le attivit\u00e0 in pronta reperibilit\u00e0 sia di vigilanza sul territorio, sia di attivit\u00e0 analitica dei laboratorio a seguito di emergenze ambientali cos\u00ec come le attivit\u00e0 del centro funzionale.<\/p>\n","protected":false},"excerpt":{"rendered":"","protected":false},"author":11,"featured_media":46348,"comment_status":"open","ping_status":"closed","sticky":false,"template":"","format":"standard","meta":[],"categories":[8],"tags":[],"news-destination":[],"news-source":[],"is_homepage":[581],"ta_other":[],"_links":{"self":[{"href":"https:\/\/www.ilmercoledi.news\/ilmercoledi\/news\/wp-json\/wp\/v2\/posts\/71703"}],"collection":[{"href":"https:\/\/www.ilmercoledi.news\/ilmercoledi\/news\/wp-json\/wp\/v2\/posts"}],"about":[{"href":"https:\/\/www.ilmercoledi.news\/ilmercoledi\/news\/wp-json\/wp\/v2\/types\/post"}],"author":[{"embeddable":true,"href":"https:\/\/www.ilmercoledi.news\/ilmercoledi\/news\/wp-json\/wp\/v2\/users\/11"}],"replies":[{"embeddable":true,"href":"https:\/\/www.ilmercoledi.news\/ilmercoledi\/news\/wp-json\/wp\/v2\/comments?post=71703"}],"version-history":[{"count":0,"href":"https:\/\/www.ilmercoledi.news\/ilmercoledi\/news\/wp-json\/wp\/v2\/posts\/71703\/revisions"}],"wp:featuredmedia":[{"embeddable":true,"href":"https:\/\/www.ilmercoledi.news\/ilmercoledi\/news\/wp-json\/wp\/v2\/media\/46348"}],"wp:attachment":[{"href":"https:\/\/www.ilmercoledi.news\/ilmercoledi\/news\/wp-json\/wp\/v2\/media?parent=71703"}],"wp:term":[{"taxonomy":"category","embeddable":true,"href":"https:\/\/www.ilmercoledi.news\/ilmercoledi\/news\/wp-json\/wp\/v2\/categories?post=71703"},{"taxonomy":"post_tag","embeddable":true,"href":"https:\/\/www.ilmercoledi.news\/ilmercoledi\/news\/wp-json\/wp\/v2\/tags?post=71703"},{"taxonomy":"news-destination","embeddable":true,"href":"https:\/\/www.ilmercoledi.news\/ilmercoledi\/news\/wp-json\/wp\/v2\/news-destination?post=71703"},{"taxonomy":"news-source","embeddable":true,"href":"https:\/\/www.ilmercoledi.news\/ilmercoledi\/news\/wp-json\/wp\/v2\/news-source?post=71703"},{"taxonomy":"is_homepage","embeddable":true,"href":"https:\/\/www.ilmercoledi.news\/ilmercoledi\/news\/wp-json\/wp\/v2\/is_homepage?post=71703"},{"taxonomy":"ta_other","embeddable":true,"href":"https:\/\/www.ilmercoledi.news\/ilmercoledi\/news\/wp-json\/wp\/v2\/ta_other?post=71703"}],"curies":[{"name":"wp","href":"https:\/\/api.w.org\/{rel}","templated":true}]}}