{"id":71767,"date":"2025-01-07T06:36:11","date_gmt":"2025-01-07T05:36:11","guid":{"rendered":"https:\/\/euwps06.newsmemory.com\/ilmercoledi\/news\/?p=71767"},"modified":"2025-01-07T06:36:13","modified_gmt":"2024-08-10T06:36:13","slug":"nichelino-laddio-alle-campane-della-plastica-scatena-le-critiche-dell-cittadinanza","status":"publish","type":"post","link":"https:\/\/www.ilmercoledi.news\/2025\/01\/07\/nichelino-laddio-alle-campane-della-plastica-scatena-le-critiche-dell-cittadinanza\/","title":{"rendered":"NICHELINO &#8211; L&#8217;addio alle campane della plastica scatena le critiche dell cittadinanza"},"content":{"rendered":"<p>\u00c8 previsto addio delle campane della plastica a Nichelino a partire dalla primavera ha scatenato numerose critiche da parte della cittadinanza. La plastica si dovr\u00e0 infatti mettere in appositi sacchetti gialli e lasciarla alla sera fuori dal proprio condominio nei giorni in cui i servizi di raccolta passeranno a recuperarli. In molti credono che questa metodologia porter\u00e0 ancora pi\u00f9 sporcizia lungo la citt\u00e0, soprattutto a causa di chi non chiuder\u00e0 bene i sacchetti, oppure i Vandali che spargeranno la spazzatura in giro per la citt\u00e0. Del resto per\u00f2 Nichelino era l&#8217;ultima citt\u00e0 del consorzio Covar a gestire questo tipo di raccolta ancora con le campane stradali.<\/p>\n","protected":false},"excerpt":{"rendered":"","protected":false},"author":11,"featured_media":61411,"comment_status":"open","ping_status":"closed","sticky":false,"template":"","format":"standard","meta":[],"categories":[8],"tags":[],"news-destination":[],"news-source":[],"is_homepage":[581],"ta_other":[],"_links":{"self":[{"href":"https:\/\/www.ilmercoledi.news\/ilmercoledi\/news\/wp-json\/wp\/v2\/posts\/71767"}],"collection":[{"href":"https:\/\/www.ilmercoledi.news\/ilmercoledi\/news\/wp-json\/wp\/v2\/posts"}],"about":[{"href":"https:\/\/www.ilmercoledi.news\/ilmercoledi\/news\/wp-json\/wp\/v2\/types\/post"}],"author":[{"embeddable":true,"href":"https:\/\/www.ilmercoledi.news\/ilmercoledi\/news\/wp-json\/wp\/v2\/users\/11"}],"replies":[{"embeddable":true,"href":"https:\/\/www.ilmercoledi.news\/ilmercoledi\/news\/wp-json\/wp\/v2\/comments?post=71767"}],"version-history":[{"count":0,"href":"https:\/\/www.ilmercoledi.news\/ilmercoledi\/news\/wp-json\/wp\/v2\/posts\/71767\/revisions"}],"wp:featuredmedia":[{"embeddable":true,"href":"https:\/\/www.ilmercoledi.news\/ilmercoledi\/news\/wp-json\/wp\/v2\/media\/61411"}],"wp:attachment":[{"href":"https:\/\/www.ilmercoledi.news\/ilmercoledi\/news\/wp-json\/wp\/v2\/media?parent=71767"}],"wp:term":[{"taxonomy":"category","embeddable":true,"href":"https:\/\/www.ilmercoledi.news\/ilmercoledi\/news\/wp-json\/wp\/v2\/categories?post=71767"},{"taxonomy":"post_tag","embeddable":true,"href":"https:\/\/www.ilmercoledi.news\/ilmercoledi\/news\/wp-json\/wp\/v2\/tags?post=71767"},{"taxonomy":"news-destination","embeddable":true,"href":"https:\/\/www.ilmercoledi.news\/ilmercoledi\/news\/wp-json\/wp\/v2\/news-destination?post=71767"},{"taxonomy":"news-source","embeddable":true,"href":"https:\/\/www.ilmercoledi.news\/ilmercoledi\/news\/wp-json\/wp\/v2\/news-source?post=71767"},{"taxonomy":"is_homepage","embeddable":true,"href":"https:\/\/www.ilmercoledi.news\/ilmercoledi\/news\/wp-json\/wp\/v2\/is_homepage?post=71767"},{"taxonomy":"ta_other","embeddable":true,"href":"https:\/\/www.ilmercoledi.news\/ilmercoledi\/news\/wp-json\/wp\/v2\/ta_other?post=71767"}],"curies":[{"name":"wp","href":"https:\/\/api.w.org\/{rel}","templated":true}]}}