{"id":71856,"date":"2025-01-13T07:32:55","date_gmt":"2025-01-13T06:32:55","guid":{"rendered":"https:\/\/euwps05.newsmemory.com\/ilmercoledi\/news\/?p=71856"},"modified":"2025-01-13T07:33:36","modified_gmt":"2025-01-13T06:33:36","slug":"moncalieri-biblioteca-arriva-il-nuovo-appuntamento-con-il-martedi-dei-ragazzi","status":"publish","type":"post","link":"https:\/\/www.ilmercoledi.news\/2025\/01\/13\/moncalieri-biblioteca-arriva-il-nuovo-appuntamento-con-il-martedi-dei-ragazzi\/","title":{"rendered":"MONCALIERI &#8211; In biblioteca arriva il nuovo appuntamento con &#8216;Il Marted\u00ec dei ragazzi&#8217;"},"content":{"rendered":"<p>Domani, 14 gennaio in biblioteca a Moncalieri alle ore 17,30 c&#8217;\u00e8 l&#8217;appuntamento con &#8216;Il marted\u00ec dei ragazzi&#8217;. Chi ha detto che le fiabe sono gi\u00e0 tutte scritte? Vi aspettiamo nel Piccolo Anfiteatro Millecolori con <i>Alessandra Biglietti di Culturalpe<\/i> per un pomeriggio creativo. Con fantasia, immaginazione e un pizzico di magia, rivisiteremo i personaggi classici per creare insieme una fiaba nuova, unica e speciale.<\/p>\n","protected":false},"excerpt":{"rendered":"","protected":false},"author":11,"featured_media":51059,"comment_status":"open","ping_status":"closed","sticky":false,"template":"","format":"standard","meta":[],"categories":[8],"tags":[],"news-destination":[],"news-source":[],"is_homepage":[581],"ta_other":[],"_links":{"self":[{"href":"https:\/\/www.ilmercoledi.news\/ilmercoledi\/news\/wp-json\/wp\/v2\/posts\/71856"}],"collection":[{"href":"https:\/\/www.ilmercoledi.news\/ilmercoledi\/news\/wp-json\/wp\/v2\/posts"}],"about":[{"href":"https:\/\/www.ilmercoledi.news\/ilmercoledi\/news\/wp-json\/wp\/v2\/types\/post"}],"author":[{"embeddable":true,"href":"https:\/\/www.ilmercoledi.news\/ilmercoledi\/news\/wp-json\/wp\/v2\/users\/11"}],"replies":[{"embeddable":true,"href":"https:\/\/www.ilmercoledi.news\/ilmercoledi\/news\/wp-json\/wp\/v2\/comments?post=71856"}],"version-history":[{"count":0,"href":"https:\/\/www.ilmercoledi.news\/ilmercoledi\/news\/wp-json\/wp\/v2\/posts\/71856\/revisions"}],"wp:featuredmedia":[{"embeddable":true,"href":"https:\/\/www.ilmercoledi.news\/ilmercoledi\/news\/wp-json\/wp\/v2\/media\/51059"}],"wp:attachment":[{"href":"https:\/\/www.ilmercoledi.news\/ilmercoledi\/news\/wp-json\/wp\/v2\/media?parent=71856"}],"wp:term":[{"taxonomy":"category","embeddable":true,"href":"https:\/\/www.ilmercoledi.news\/ilmercoledi\/news\/wp-json\/wp\/v2\/categories?post=71856"},{"taxonomy":"post_tag","embeddable":true,"href":"https:\/\/www.ilmercoledi.news\/ilmercoledi\/news\/wp-json\/wp\/v2\/tags?post=71856"},{"taxonomy":"news-destination","embeddable":true,"href":"https:\/\/www.ilmercoledi.news\/ilmercoledi\/news\/wp-json\/wp\/v2\/news-destination?post=71856"},{"taxonomy":"news-source","embeddable":true,"href":"https:\/\/www.ilmercoledi.news\/ilmercoledi\/news\/wp-json\/wp\/v2\/news-source?post=71856"},{"taxonomy":"is_homepage","embeddable":true,"href":"https:\/\/www.ilmercoledi.news\/ilmercoledi\/news\/wp-json\/wp\/v2\/is_homepage?post=71856"},{"taxonomy":"ta_other","embeddable":true,"href":"https:\/\/www.ilmercoledi.news\/ilmercoledi\/news\/wp-json\/wp\/v2\/ta_other?post=71856"}],"curies":[{"name":"wp","href":"https:\/\/api.w.org\/{rel}","templated":true}]}}