{"id":71939,"date":"2025-01-15T21:43:32","date_gmt":"2025-01-15T20:43:32","guid":{"rendered":"https:\/\/euwps05.newsmemory.com\/ilmercoledi\/news\/?p=71939"},"modified":"2025-01-15T21:53:51","modified_gmt":"2025-01-15T20:53:51","slug":"carte-didentita-da-agosto-2026-le-cartacee-non-avranno-piu-valore","status":"publish","type":"post","link":"https:\/\/www.ilmercoledi.news\/2025\/01\/15\/carte-didentita-da-agosto-2026-le-cartacee-non-avranno-piu-valore\/","title":{"rendered":"CARTE D&#8217;IDENTIT\u00c0 &#8211; Da agosto 2026 le cartacee non avranno pi\u00f9 valore"},"content":{"rendered":"<p>A partire dal 3 agosto 2026 cesser\u00e0 la validit\u00e0 della Carta d\u2019Identit\u00e0 in formato cartaceo.<\/p>\n<p>Pertanto, a partire da tale data le Carte d\u2019Identit\u00e0 cartacee non avranno pi\u00f9 validit\u00e0 per l\u2019espatrio e non potranno pi\u00f9, in nessun caso, essere rilasciate.<\/p>\n<p>Si invita, gi\u00e0 da adesso, a prevedere il passaggio alla Carta d\u2019Identit\u00e0 Elettronica (CIE) che viene rilasciata, anche prima della scadenza del documento cartaceo, dall\u2019Ufficio Anagrafe solo su appuntamento.<\/p>\n","protected":false},"excerpt":{"rendered":"","protected":false},"author":11,"featured_media":6233,"comment_status":"open","ping_status":"closed","sticky":false,"template":"","format":"standard","meta":[],"categories":[8],"tags":[],"news-destination":[],"news-source":[],"is_homepage":[581],"ta_other":[],"_links":{"self":[{"href":"https:\/\/www.ilmercoledi.news\/ilmercoledi\/news\/wp-json\/wp\/v2\/posts\/71939"}],"collection":[{"href":"https:\/\/www.ilmercoledi.news\/ilmercoledi\/news\/wp-json\/wp\/v2\/posts"}],"about":[{"href":"https:\/\/www.ilmercoledi.news\/ilmercoledi\/news\/wp-json\/wp\/v2\/types\/post"}],"author":[{"embeddable":true,"href":"https:\/\/www.ilmercoledi.news\/ilmercoledi\/news\/wp-json\/wp\/v2\/users\/11"}],"replies":[{"embeddable":true,"href":"https:\/\/www.ilmercoledi.news\/ilmercoledi\/news\/wp-json\/wp\/v2\/comments?post=71939"}],"version-history":[{"count":1,"href":"https:\/\/www.ilmercoledi.news\/ilmercoledi\/news\/wp-json\/wp\/v2\/posts\/71939\/revisions"}],"predecessor-version":[{"id":71940,"href":"https:\/\/www.ilmercoledi.news\/ilmercoledi\/news\/wp-json\/wp\/v2\/posts\/71939\/revisions\/71940"}],"wp:featuredmedia":[{"embeddable":true,"href":"https:\/\/www.ilmercoledi.news\/ilmercoledi\/news\/wp-json\/wp\/v2\/media\/6233"}],"wp:attachment":[{"href":"https:\/\/www.ilmercoledi.news\/ilmercoledi\/news\/wp-json\/wp\/v2\/media?parent=71939"}],"wp:term":[{"taxonomy":"category","embeddable":true,"href":"https:\/\/www.ilmercoledi.news\/ilmercoledi\/news\/wp-json\/wp\/v2\/categories?post=71939"},{"taxonomy":"post_tag","embeddable":true,"href":"https:\/\/www.ilmercoledi.news\/ilmercoledi\/news\/wp-json\/wp\/v2\/tags?post=71939"},{"taxonomy":"news-destination","embeddable":true,"href":"https:\/\/www.ilmercoledi.news\/ilmercoledi\/news\/wp-json\/wp\/v2\/news-destination?post=71939"},{"taxonomy":"news-source","embeddable":true,"href":"https:\/\/www.ilmercoledi.news\/ilmercoledi\/news\/wp-json\/wp\/v2\/news-source?post=71939"},{"taxonomy":"is_homepage","embeddable":true,"href":"https:\/\/www.ilmercoledi.news\/ilmercoledi\/news\/wp-json\/wp\/v2\/is_homepage?post=71939"},{"taxonomy":"ta_other","embeddable":true,"href":"https:\/\/www.ilmercoledi.news\/ilmercoledi\/news\/wp-json\/wp\/v2\/ta_other?post=71939"}],"curies":[{"name":"wp","href":"https:\/\/api.w.org\/{rel}","templated":true}]}}