{"id":72011,"date":"2025-01-20T21:28:31","date_gmt":"2025-01-20T20:28:31","guid":{"rendered":"https:\/\/euwps05.newsmemory.com\/ilmercoledi\/news\/?p=72011"},"modified":"2025-01-20T21:36:52","modified_gmt":"2025-01-20T20:36:52","slug":"volontariato-aperte-le-candidature-per-prendere-parte-telefono-amico","status":"publish","type":"post","link":"https:\/\/www.ilmercoledi.news\/2025\/01\/20\/volontariato-aperte-le-candidature-per-prendere-parte-telefono-amico\/","title":{"rendered":"VOLONTARIATO &#8211; Aperte le candidature per prendere parte a Telefono Amico"},"content":{"rendered":"<p>Dal 13 febbraio 2025 un corso gratuito di comunicazione finalizzato al servizio.di Telefono amico.<\/p>\n<p>12 incontri, ogni gioved\u00ec dalle 20.45 alle 22.45, in parte su piattaforma google meet. in parte a Torino in zona Piazzale Valdo Fusi<\/p>\n<p>Il corso per diventare volontario del Telefono Amico di Torino \u00e8 gratuito ed aperto a tutti gli interessati che abbiano compiuto 18 anni.<\/p>\n<p>Il percorso che ti proponiamo permette di sperimentare le tue capacit\u00e0 nella relazione con persone completamente sconosciute che stanno vivendo momenti di difficolt\u00e0 e di fragilit\u00e0 e, nello stesso tempo, di condividere con un gruppo l\u2019impegno per un servizio di volontariato.<\/p>\n<p>Per mantenere la promessa di amicizia che caratterizza il Telefono, non c\u2019\u00e8 solo un po\u2019 di compassione da mettere in pratica: nel tentativo di accogliere davvero chiunque, o cercare di imparare a farlo, c\u2019\u00e8 la sfida ai pregiudizi ed alle paure che si palesano attraverso i mille volti della sofferenza interiore, della fatica di vivere e della solitudine.<\/p>\n<p>C\u2019\u00e8 la sfida a provare ad essere diversi grazie alla scoperta, intimamente vissuta, che la prima, e forse unica, rivoluzione da compiere \u00e8 quella di cambiare noi stessi.<\/p>\n","protected":false},"excerpt":{"rendered":"","protected":false},"author":11,"featured_media":34275,"comment_status":"open","ping_status":"closed","sticky":false,"template":"","format":"standard","meta":[],"categories":[8],"tags":[],"news-destination":[],"news-source":[],"is_homepage":[581],"ta_other":[],"_links":{"self":[{"href":"https:\/\/www.ilmercoledi.news\/ilmercoledi\/news\/wp-json\/wp\/v2\/posts\/72011"}],"collection":[{"href":"https:\/\/www.ilmercoledi.news\/ilmercoledi\/news\/wp-json\/wp\/v2\/posts"}],"about":[{"href":"https:\/\/www.ilmercoledi.news\/ilmercoledi\/news\/wp-json\/wp\/v2\/types\/post"}],"author":[{"embeddable":true,"href":"https:\/\/www.ilmercoledi.news\/ilmercoledi\/news\/wp-json\/wp\/v2\/users\/11"}],"replies":[{"embeddable":true,"href":"https:\/\/www.ilmercoledi.news\/ilmercoledi\/news\/wp-json\/wp\/v2\/comments?post=72011"}],"version-history":[{"count":1,"href":"https:\/\/www.ilmercoledi.news\/ilmercoledi\/news\/wp-json\/wp\/v2\/posts\/72011\/revisions"}],"predecessor-version":[{"id":72013,"href":"https:\/\/www.ilmercoledi.news\/ilmercoledi\/news\/wp-json\/wp\/v2\/posts\/72011\/revisions\/72013"}],"wp:featuredmedia":[{"embeddable":true,"href":"https:\/\/www.ilmercoledi.news\/ilmercoledi\/news\/wp-json\/wp\/v2\/media\/34275"}],"wp:attachment":[{"href":"https:\/\/www.ilmercoledi.news\/ilmercoledi\/news\/wp-json\/wp\/v2\/media?parent=72011"}],"wp:term":[{"taxonomy":"category","embeddable":true,"href":"https:\/\/www.ilmercoledi.news\/ilmercoledi\/news\/wp-json\/wp\/v2\/categories?post=72011"},{"taxonomy":"post_tag","embeddable":true,"href":"https:\/\/www.ilmercoledi.news\/ilmercoledi\/news\/wp-json\/wp\/v2\/tags?post=72011"},{"taxonomy":"news-destination","embeddable":true,"href":"https:\/\/www.ilmercoledi.news\/ilmercoledi\/news\/wp-json\/wp\/v2\/news-destination?post=72011"},{"taxonomy":"news-source","embeddable":true,"href":"https:\/\/www.ilmercoledi.news\/ilmercoledi\/news\/wp-json\/wp\/v2\/news-source?post=72011"},{"taxonomy":"is_homepage","embeddable":true,"href":"https:\/\/www.ilmercoledi.news\/ilmercoledi\/news\/wp-json\/wp\/v2\/is_homepage?post=72011"},{"taxonomy":"ta_other","embeddable":true,"href":"https:\/\/www.ilmercoledi.news\/ilmercoledi\/news\/wp-json\/wp\/v2\/ta_other?post=72011"}],"curies":[{"name":"wp","href":"https:\/\/api.w.org\/{rel}","templated":true}]}}