{"id":72061,"date":"2025-01-22T19:37:42","date_gmt":"2025-01-22T18:37:42","guid":{"rendered":"https:\/\/euwps06.newsmemory.com\/ilmercoledi\/news\/?p=72061"},"modified":"2025-01-22T19:37:44","modified_gmt":"2024-08-25T19:37:44","slug":"nichelino-fioccano-le-polemiche-per-la-battuta-di-caccia-al-boschetto","status":"publish","type":"post","link":"https:\/\/www.ilmercoledi.news\/2025\/01\/22\/nichelino-fioccano-le-polemiche-per-la-battuta-di-caccia-al-boschetto\/","title":{"rendered":"NICHELINO &#8211; Fioccano le polemiche per la battuta di caccia al Boschetto"},"content":{"rendered":"<p>Fioccano le polemiche per la battuta di caccia al cinghiale organizzata al Boschetto di Nichelino. L&#8217;assessore Fiodor Verzola sottolinea che &#8220;la notizia che ha destato forte preoccupazione: sembrerebbe che sia stata organizzata una battuta di caccia o un abbattimento selettivo di cinghiali nei pressi del Parco del Boschetto, potenzialmente sul territorio di Nichelino. Un episodio che, se confermato, solleva interrogativi enormi sulla sicurezza e sull\u2019informazione alla cittadinanza.<\/p>\n<p>Passeggiare nei boschi con i propri cani o trascorrere momenti all\u2019aperto non pu\u00f2 trasformarsi in un\u2019esperienza di paura e pericolo Per questo mi sono subito mosso, chiedendo alla Citt\u00e0 Metropolitana spiegazioni immediate su quanto accaduto e su eventuali autorizzazioni concesse. Perch\u00e9 la nostra citt\u00e0 non \u00e8 stata avvisata? Se queste dinamiche si sono effettivamente svolte sul nostro territorio, pretendo chiarezza e trasparenza. La sicurezza dei cittadini e degli animali deve essere sempre al primo posto, senza compromessi&#8221;.<\/p>\n<p>&nbsp;<\/p>\n<p>&nbsp;<\/p>\n","protected":false},"excerpt":{"rendered":"","protected":false},"author":11,"featured_media":49847,"comment_status":"open","ping_status":"closed","sticky":false,"template":"","format":"standard","meta":[],"categories":[8],"tags":[],"news-destination":[],"news-source":[],"is_homepage":[581],"ta_other":[],"_links":{"self":[{"href":"https:\/\/www.ilmercoledi.news\/ilmercoledi\/news\/wp-json\/wp\/v2\/posts\/72061"}],"collection":[{"href":"https:\/\/www.ilmercoledi.news\/ilmercoledi\/news\/wp-json\/wp\/v2\/posts"}],"about":[{"href":"https:\/\/www.ilmercoledi.news\/ilmercoledi\/news\/wp-json\/wp\/v2\/types\/post"}],"author":[{"embeddable":true,"href":"https:\/\/www.ilmercoledi.news\/ilmercoledi\/news\/wp-json\/wp\/v2\/users\/11"}],"replies":[{"embeddable":true,"href":"https:\/\/www.ilmercoledi.news\/ilmercoledi\/news\/wp-json\/wp\/v2\/comments?post=72061"}],"version-history":[{"count":0,"href":"https:\/\/www.ilmercoledi.news\/ilmercoledi\/news\/wp-json\/wp\/v2\/posts\/72061\/revisions"}],"wp:featuredmedia":[{"embeddable":true,"href":"https:\/\/www.ilmercoledi.news\/ilmercoledi\/news\/wp-json\/wp\/v2\/media\/49847"}],"wp:attachment":[{"href":"https:\/\/www.ilmercoledi.news\/ilmercoledi\/news\/wp-json\/wp\/v2\/media?parent=72061"}],"wp:term":[{"taxonomy":"category","embeddable":true,"href":"https:\/\/www.ilmercoledi.news\/ilmercoledi\/news\/wp-json\/wp\/v2\/categories?post=72061"},{"taxonomy":"post_tag","embeddable":true,"href":"https:\/\/www.ilmercoledi.news\/ilmercoledi\/news\/wp-json\/wp\/v2\/tags?post=72061"},{"taxonomy":"news-destination","embeddable":true,"href":"https:\/\/www.ilmercoledi.news\/ilmercoledi\/news\/wp-json\/wp\/v2\/news-destination?post=72061"},{"taxonomy":"news-source","embeddable":true,"href":"https:\/\/www.ilmercoledi.news\/ilmercoledi\/news\/wp-json\/wp\/v2\/news-source?post=72061"},{"taxonomy":"is_homepage","embeddable":true,"href":"https:\/\/www.ilmercoledi.news\/ilmercoledi\/news\/wp-json\/wp\/v2\/is_homepage?post=72061"},{"taxonomy":"ta_other","embeddable":true,"href":"https:\/\/www.ilmercoledi.news\/ilmercoledi\/news\/wp-json\/wp\/v2\/ta_other?post=72061"}],"curies":[{"name":"wp","href":"https:\/\/api.w.org\/{rel}","templated":true}]}}