{"id":72093,"date":"2025-01-24T06:05:34","date_gmt":"2025-01-24T05:05:34","guid":{"rendered":"https:\/\/euwps05.newsmemory.com\/ilmercoledi\/news\/?p=72093"},"modified":"2025-01-24T06:07:47","modified_gmt":"2025-01-24T05:07:47","slug":"santena-un-incontro-per-valorizzare-il-territorio-e-prendersi-cura-del-suolo","status":"publish","type":"post","link":"https:\/\/www.ilmercoledi.news\/2025\/01\/24\/santena-un-incontro-per-valorizzare-il-territorio-e-prendersi-cura-del-suolo\/","title":{"rendered":"SANTENA &#8211; Un incontro per valorizzare il territorio e prendersi cura del suolo"},"content":{"rendered":"<p>Valorizzare l\u2019esistente per prendersi cura del territorio.<\/p>\n<p>&nbsp;<\/p>\n<p>La Sala Diplomatica del Castello Cavour di Santena ospiter\u00e0 l\u2019incontro &#8220;Strategie e Strumenti Operativi per la Valorizzazione del Patrimonio Edilizio e per il Contenimento del Consumo di Suolo&#8221; il 13 febbraio alle ore 18.<\/p>\n<p>&nbsp;<\/p>\n<p>All&#8217;evento parteciperanno il presidente del Consiglio regionale del Piemonte, Davide Nicco, il sindaco di Santena, Roberto Ghio, e il vice sindaco e assessore ai Lavori Pubblici e Urbanistica, Paolo Romano. Gli architetti Gian Carlo Paglia e Maril\u00f9 Paglia saranno i relatori principali, approfondendo le opportunit\u00e0 offerte da queste nuove normative e le strategie adottate dal Comune di Santena per migliorare la qualit\u00e0 degli ambienti costruiti e ridurre il consumo di suolo.<\/p>\n<p>&nbsp;<\/p>\n<p>#santena<\/p>\n","protected":false},"excerpt":{"rendered":"","protected":false},"author":11,"featured_media":46865,"comment_status":"open","ping_status":"closed","sticky":false,"template":"","format":"standard","meta":[],"categories":[8],"tags":[],"news-destination":[],"news-source":[],"is_homepage":[581],"ta_other":[],"_links":{"self":[{"href":"https:\/\/www.ilmercoledi.news\/ilmercoledi\/news\/wp-json\/wp\/v2\/posts\/72093"}],"collection":[{"href":"https:\/\/www.ilmercoledi.news\/ilmercoledi\/news\/wp-json\/wp\/v2\/posts"}],"about":[{"href":"https:\/\/www.ilmercoledi.news\/ilmercoledi\/news\/wp-json\/wp\/v2\/types\/post"}],"author":[{"embeddable":true,"href":"https:\/\/www.ilmercoledi.news\/ilmercoledi\/news\/wp-json\/wp\/v2\/users\/11"}],"replies":[{"embeddable":true,"href":"https:\/\/www.ilmercoledi.news\/ilmercoledi\/news\/wp-json\/wp\/v2\/comments?post=72093"}],"version-history":[{"count":0,"href":"https:\/\/www.ilmercoledi.news\/ilmercoledi\/news\/wp-json\/wp\/v2\/posts\/72093\/revisions"}],"wp:featuredmedia":[{"embeddable":true,"href":"https:\/\/www.ilmercoledi.news\/ilmercoledi\/news\/wp-json\/wp\/v2\/media\/46865"}],"wp:attachment":[{"href":"https:\/\/www.ilmercoledi.news\/ilmercoledi\/news\/wp-json\/wp\/v2\/media?parent=72093"}],"wp:term":[{"taxonomy":"category","embeddable":true,"href":"https:\/\/www.ilmercoledi.news\/ilmercoledi\/news\/wp-json\/wp\/v2\/categories?post=72093"},{"taxonomy":"post_tag","embeddable":true,"href":"https:\/\/www.ilmercoledi.news\/ilmercoledi\/news\/wp-json\/wp\/v2\/tags?post=72093"},{"taxonomy":"news-destination","embeddable":true,"href":"https:\/\/www.ilmercoledi.news\/ilmercoledi\/news\/wp-json\/wp\/v2\/news-destination?post=72093"},{"taxonomy":"news-source","embeddable":true,"href":"https:\/\/www.ilmercoledi.news\/ilmercoledi\/news\/wp-json\/wp\/v2\/news-source?post=72093"},{"taxonomy":"is_homepage","embeddable":true,"href":"https:\/\/www.ilmercoledi.news\/ilmercoledi\/news\/wp-json\/wp\/v2\/is_homepage?post=72093"},{"taxonomy":"ta_other","embeddable":true,"href":"https:\/\/www.ilmercoledi.news\/ilmercoledi\/news\/wp-json\/wp\/v2\/ta_other?post=72093"}],"curies":[{"name":"wp","href":"https:\/\/api.w.org\/{rel}","templated":true}]}}