{"id":72094,"date":"2025-01-23T20:56:28","date_gmt":"2025-01-23T19:56:28","guid":{"rendered":"https:\/\/euwps06.newsmemory.com\/ilmercoledi\/news\/?p=72094"},"modified":"2025-01-23T20:56:35","modified_gmt":"2024-08-26T20:56:35","slug":"nichelino-la-condanna-delle-associazioni-animaliste-per-fatti-accaduti-al-boschetto","status":"publish","type":"post","link":"https:\/\/www.ilmercoledi.news\/2025\/01\/23\/nichelino-la-condanna-delle-associazioni-animaliste-per-fatti-accaduti-al-boschetto\/","title":{"rendered":"NICHELINO &#8211; La condanna delle associazioni animaliste per i fatti accaduti al Boschetto"},"content":{"rendered":"<p>Il Tavolo Animali &amp; Ambiente, costituito dalle associazioni animaliste e ambientaliste ENPA, LAV, LEAL, LEGAMBIENTE, LIDA, LIPU, OIPA, PAN (Pro Natura Animali), PRO NATURA Torino e SOS Gaia, denuncia un gravissimo episodio accaduto mercoled\u00ec 22 gennaio 2025 al Parco del Boschetto, al confine tra Torino e Moncalieri. Un gruppo di cacciatori, per quanto autorizzati, ha snidato e abbattuto una quindicina di cinghiali, sotto lo sguardo esterrefatto e preoccupato delle persone che in quel momento si trovavano nell\u2019area verde. La battuta, infatti, non \u00e8 stata adeguatamente pubblicizzata, cosa che ha esposto i fruitori del parco a notevoli rischi. \u201cOrmai si pu\u00f2 cacciare sempre e ovunque \u2013 affermano le Associazioni che costituiscono il Tavolo Animali &amp; Ambiente \u2013 con situazioni di grande pericolo per la cittadinanza. Dobbiamo proprio aspettare che ci scappi un morto prima di impedire simili assurdit\u00e0?\u201c<\/p>\n<p>Se la presenza di cinghiali costituiva un pericolo \u2013 proseguono le Associazioni \u2013 perch\u00e9 non si \u00e8 ricorso a quei gabbioni di cattura che hanno pi\u00f9 volte dimostrato la loro efficacia? Forse perch\u00e9 osteggiati dal mondo venatorio, che in questo modo non pu\u00f2 provare l\u2019ebbrezza della battuta e conseguente uccisione di un animale selvatico? \u201d L\u2019operazione \u00e8 stata condotta con l\u2019ausilio di cani da caccia, ai quali \u00e8 affidato il compito di scovare i cinghiali e indirizzarli dove il cacciatore attende con il fucile spianato. Tuttavia, un simile sistema di caccia, osteggiato dal mondo scientifico oltre che da quello ambientalista, crea enormi disturbi a tutte le altre componenti della fauna\u00a0selvatica. Danni che, in periodi prenuziali come l\u2019attuale possono intensificarsi in modo esponenziale.<\/p>\n<p>Le Associazioni del Tavolo Animali &amp; Ambiente denunciano l\u2019accaduto e lo stigmatizzano come deplorevole.<\/p>\n<p>&nbsp;<\/p>\n","protected":false},"excerpt":{"rendered":"","protected":false},"author":11,"featured_media":3048,"comment_status":"open","ping_status":"closed","sticky":false,"template":"","format":"standard","meta":[],"categories":[8],"tags":[],"news-destination":[],"news-source":[],"is_homepage":[581],"ta_other":[],"_links":{"self":[{"href":"https:\/\/www.ilmercoledi.news\/ilmercoledi\/news\/wp-json\/wp\/v2\/posts\/72094"}],"collection":[{"href":"https:\/\/www.ilmercoledi.news\/ilmercoledi\/news\/wp-json\/wp\/v2\/posts"}],"about":[{"href":"https:\/\/www.ilmercoledi.news\/ilmercoledi\/news\/wp-json\/wp\/v2\/types\/post"}],"author":[{"embeddable":true,"href":"https:\/\/www.ilmercoledi.news\/ilmercoledi\/news\/wp-json\/wp\/v2\/users\/11"}],"replies":[{"embeddable":true,"href":"https:\/\/www.ilmercoledi.news\/ilmercoledi\/news\/wp-json\/wp\/v2\/comments?post=72094"}],"version-history":[{"count":0,"href":"https:\/\/www.ilmercoledi.news\/ilmercoledi\/news\/wp-json\/wp\/v2\/posts\/72094\/revisions"}],"wp:featuredmedia":[{"embeddable":true,"href":"https:\/\/www.ilmercoledi.news\/ilmercoledi\/news\/wp-json\/wp\/v2\/media\/3048"}],"wp:attachment":[{"href":"https:\/\/www.ilmercoledi.news\/ilmercoledi\/news\/wp-json\/wp\/v2\/media?parent=72094"}],"wp:term":[{"taxonomy":"category","embeddable":true,"href":"https:\/\/www.ilmercoledi.news\/ilmercoledi\/news\/wp-json\/wp\/v2\/categories?post=72094"},{"taxonomy":"post_tag","embeddable":true,"href":"https:\/\/www.ilmercoledi.news\/ilmercoledi\/news\/wp-json\/wp\/v2\/tags?post=72094"},{"taxonomy":"news-destination","embeddable":true,"href":"https:\/\/www.ilmercoledi.news\/ilmercoledi\/news\/wp-json\/wp\/v2\/news-destination?post=72094"},{"taxonomy":"news-source","embeddable":true,"href":"https:\/\/www.ilmercoledi.news\/ilmercoledi\/news\/wp-json\/wp\/v2\/news-source?post=72094"},{"taxonomy":"is_homepage","embeddable":true,"href":"https:\/\/www.ilmercoledi.news\/ilmercoledi\/news\/wp-json\/wp\/v2\/is_homepage?post=72094"},{"taxonomy":"ta_other","embeddable":true,"href":"https:\/\/www.ilmercoledi.news\/ilmercoledi\/news\/wp-json\/wp\/v2\/ta_other?post=72094"}],"curies":[{"name":"wp","href":"https:\/\/api.w.org\/{rel}","templated":true}]}}