{"id":72119,"date":"2025-01-27T05:45:32","date_gmt":"2025-01-27T04:45:32","guid":{"rendered":"https:\/\/euwps05.newsmemory.com\/ilmercoledi\/news\/?p=72119"},"modified":"2025-01-27T05:45:41","modified_gmt":"2025-01-27T04:45:41","slug":"ambiente-il-progetto-handshake-coinvolge-carmagnola-e-poirino","status":"publish","type":"post","link":"https:\/\/www.ilmercoledi.news\/2025\/01\/27\/ambiente-il-progetto-handshake-coinvolge-carmagnola-e-poirino\/","title":{"rendered":"AMBIENTE &#8211; Il.progetto Handshake coinvolge Carmagnola e Poirino"},"content":{"rendered":"<p>Nasce il Progetto \u201cHandshake\u201d (Stretta di mano in inglese). Si tratta di una virtuosa collaborazione tra enti pubblici e aziende private, come una stretta di mano, in favore dei municipi, i cittadini e le aziende comprese nel territorio della CER Solidale. Lo scopo principale \u00e8 il conseguimento di benefici ambientali (es. compensazione CO2), benefici economici (riduzione costi energia) e la promozione della responsabilit\u00e0 ambientale e della cooperazione sociale. Una iniziativa dalla finalit\u00e0 solidaristica che ha l&#8217;obiettivo di sostenere la decarbonizzazione e il risparmio energetico nei territori dei Comuni italiani, attraverso il potenziamento delle Comunit\u00e0 Energetiche Rinnovabili, senza costi per Municipi e cittadini. Per ora tra i Comuni partner ci sono Carmagnola e Poirino.<\/p>\n<p>&nbsp;<\/p>\n<p>Che cos\u2019\u00e8 il Progetto Handshake?<\/p>\n<p>L&#8217;iniziativa consiste nella realizzazione contestuale di:<\/p>\n<p>&#8211; impianti voltaici adibiti alla CONDIVISIONE dell&#8217;ENERGIA nella CER cui appartiene il COMUNE;<\/p>\n<p>&#8211; impianti voltaici adibiti all&#8217;AUTOCONSUMO del COMUNE che ne diviene proprietario.<\/p>\n<p>Il tutto completamente SENZA COSTI per il COMUNE e la CER, grazie alla peculiare sinergia tra pubblico e privato, promossa e realizzata con questo progetto nelle Cer Solidali, che infatti sono Comunit\u00e0 Energetiche dalla forte impostazione solidaristica e che hanno ottenuto gi\u00e0 nel 2023 dichiarazioni ufficiali di encomio del Ministro Pichetto Fratin del Ministero dell&#8217;Ambiente e della Sicurezza Energetica e della On. Braga &#8220;Commissione Ambiente&#8221;; oggi l&#8217;area raggiunta dal servizio include i territori di 292 Comuni delle province di Aosta, Biella, Cuneo, Ferrara, Novara, Torino, Vercelli ( https:\/\/www.energiesolidali.it\/index.php\/comunita-energetiche\/copertura-del-servizio ).<\/p>\n<p>Il progetto &#8220;Handshake&#8221; si rivolge ai Comuni compresi nelle aree coperte dalle CER Solidali; laddove il Comune non rientrasse in tali aree \u00e8 comunque possibile aderire all&#8217;iniziativa se l\u2019Amministrazione Comunale \u00e8 interessata a considerare la partecipazione ad una Comunit\u00e0 Energetica che, senza costi per il Comune, sar\u00e0 costituita allo scopo insieme a EnergieSolidali.<\/p>\n<p>&nbsp;<\/p>\n<p>Una volta definite le intese preliminari tra le parti, si procede alla verifica di fattibilit\u00e0 (disponibilit\u00e0 di siti idonei alla posa di impianti di produzione da energia rinnovabile, profilo consumi del Comune, etc.); a seguire la formulazione del piano di attivazione del progetto (tra Comune e parte privata), che prevede: la predisposizione documentale, l&#8217;erogazione finanziaria, la progettazione e realizzazione dei diversi impianti voltaici di generazione; infine la messa in servizio, in regime di autoconsumo e di condivisione nella Comunit\u00e0 Energetica (CER Solidale) territoriale.<\/p>\n<p>&nbsp;<\/p>\n<p>Il Comune non deve sostenere alcuna spesa, piuttosto pu\u00f2 usufruire di un risparmio ricorrente sui costi dell&#8217;energia elettrica; al termine di un periodo concordato sar\u00e0 l&#8217;esclusivo proprietario dell\u2019impianto o degli impianti, con un ulteriore incremento del risparmio sul conto energia, ricorrente, pluriennale, garantito dallo Stato. Inoltre, sempre senza che debba essere sostenuta alcuna spesa, viene realizzato un impianto di generazione da rinnovabili la cui energia \u00e8 interamente conferita in condivisione nella CER territoriale (della quale possono fare parte tanto il Comune stesso, quanto i cittadini e le aziende del territorio, con i conseguenti significativi benefici ricorrenti, pluriennali, garantiti dallo Stato per venti anni).<\/p>\n","protected":false},"excerpt":{"rendered":"","protected":false},"author":11,"featured_media":72089,"comment_status":"open","ping_status":"closed","sticky":false,"template":"","format":"standard","meta":[],"categories":[8],"tags":[],"news-destination":[],"news-source":[],"is_homepage":[581],"ta_other":[],"_links":{"self":[{"href":"https:\/\/www.ilmercoledi.news\/ilmercoledi\/news\/wp-json\/wp\/v2\/posts\/72119"}],"collection":[{"href":"https:\/\/www.ilmercoledi.news\/ilmercoledi\/news\/wp-json\/wp\/v2\/posts"}],"about":[{"href":"https:\/\/www.ilmercoledi.news\/ilmercoledi\/news\/wp-json\/wp\/v2\/types\/post"}],"author":[{"embeddable":true,"href":"https:\/\/www.ilmercoledi.news\/ilmercoledi\/news\/wp-json\/wp\/v2\/users\/11"}],"replies":[{"embeddable":true,"href":"https:\/\/www.ilmercoledi.news\/ilmercoledi\/news\/wp-json\/wp\/v2\/comments?post=72119"}],"version-history":[{"count":0,"href":"https:\/\/www.ilmercoledi.news\/ilmercoledi\/news\/wp-json\/wp\/v2\/posts\/72119\/revisions"}],"wp:featuredmedia":[{"embeddable":true,"href":"https:\/\/www.ilmercoledi.news\/ilmercoledi\/news\/wp-json\/wp\/v2\/media\/72089"}],"wp:attachment":[{"href":"https:\/\/www.ilmercoledi.news\/ilmercoledi\/news\/wp-json\/wp\/v2\/media?parent=72119"}],"wp:term":[{"taxonomy":"category","embeddable":true,"href":"https:\/\/www.ilmercoledi.news\/ilmercoledi\/news\/wp-json\/wp\/v2\/categories?post=72119"},{"taxonomy":"post_tag","embeddable":true,"href":"https:\/\/www.ilmercoledi.news\/ilmercoledi\/news\/wp-json\/wp\/v2\/tags?post=72119"},{"taxonomy":"news-destination","embeddable":true,"href":"https:\/\/www.ilmercoledi.news\/ilmercoledi\/news\/wp-json\/wp\/v2\/news-destination?post=72119"},{"taxonomy":"news-source","embeddable":true,"href":"https:\/\/www.ilmercoledi.news\/ilmercoledi\/news\/wp-json\/wp\/v2\/news-source?post=72119"},{"taxonomy":"is_homepage","embeddable":true,"href":"https:\/\/www.ilmercoledi.news\/ilmercoledi\/news\/wp-json\/wp\/v2\/is_homepage?post=72119"},{"taxonomy":"ta_other","embeddable":true,"href":"https:\/\/www.ilmercoledi.news\/ilmercoledi\/news\/wp-json\/wp\/v2\/ta_other?post=72119"}],"curies":[{"name":"wp","href":"https:\/\/api.w.org\/{rel}","templated":true}]}}