{"id":72123,"date":"2025-01-27T05:42:35","date_gmt":"2025-01-27T04:42:35","guid":{"rendered":"https:\/\/euwps06.newsmemory.com\/ilmercoledi\/news\/?p=72123"},"modified":"2025-01-27T05:42:37","modified_gmt":"2024-08-30T05:42:37","slug":"villastellone-campagna-tesseramento-della-pro-loco","status":"publish","type":"post","link":"https:\/\/www.ilmercoledi.news\/2025\/01\/27\/villastellone-campagna-tesseramento-della-pro-loco\/","title":{"rendered":"VILLASTELLONE &#8211; Campagna tesseramento della Pro Loco"},"content":{"rendered":"<p>La Pro Loco di Villastellone lancia la campagna tesseramento 2025 organizzando 9 giornate in cui vecchi e nuovi soci avranno l\u2019occasione per rinnovare o aderire al sodalizio di viale Gennero. Quest\u2019anno il tesseramento si terr\u00e0 nella sede del centro anziani di viale Gennero 5 nei giorni: sabato 1, 8 e 15 febbraio, dalle ore 15 alle 17; marted\u00ec 4, 11 e 18 febbraio, dalle ore 17.30 alle 19; gioved\u00ec 6, 13 e 20 febbraio, dalle ore 17.30 alle 19. La quota di iscrizione \u00e8 di 15 euro.<\/p>\n<p>Per informazioni: Maurizio, tel. 348.5173052.<\/p>\n","protected":false},"excerpt":{"rendered":"","protected":false},"author":11,"featured_media":1037,"comment_status":"open","ping_status":"closed","sticky":false,"template":"","format":"standard","meta":[],"categories":[8],"tags":[],"news-destination":[],"news-source":[],"is_homepage":[581],"ta_other":[],"_links":{"self":[{"href":"https:\/\/www.ilmercoledi.news\/ilmercoledi\/news\/wp-json\/wp\/v2\/posts\/72123"}],"collection":[{"href":"https:\/\/www.ilmercoledi.news\/ilmercoledi\/news\/wp-json\/wp\/v2\/posts"}],"about":[{"href":"https:\/\/www.ilmercoledi.news\/ilmercoledi\/news\/wp-json\/wp\/v2\/types\/post"}],"author":[{"embeddable":true,"href":"https:\/\/www.ilmercoledi.news\/ilmercoledi\/news\/wp-json\/wp\/v2\/users\/11"}],"replies":[{"embeddable":true,"href":"https:\/\/www.ilmercoledi.news\/ilmercoledi\/news\/wp-json\/wp\/v2\/comments?post=72123"}],"version-history":[{"count":0,"href":"https:\/\/www.ilmercoledi.news\/ilmercoledi\/news\/wp-json\/wp\/v2\/posts\/72123\/revisions"}],"wp:featuredmedia":[{"embeddable":true,"href":"https:\/\/www.ilmercoledi.news\/ilmercoledi\/news\/wp-json\/wp\/v2\/media\/1037"}],"wp:attachment":[{"href":"https:\/\/www.ilmercoledi.news\/ilmercoledi\/news\/wp-json\/wp\/v2\/media?parent=72123"}],"wp:term":[{"taxonomy":"category","embeddable":true,"href":"https:\/\/www.ilmercoledi.news\/ilmercoledi\/news\/wp-json\/wp\/v2\/categories?post=72123"},{"taxonomy":"post_tag","embeddable":true,"href":"https:\/\/www.ilmercoledi.news\/ilmercoledi\/news\/wp-json\/wp\/v2\/tags?post=72123"},{"taxonomy":"news-destination","embeddable":true,"href":"https:\/\/www.ilmercoledi.news\/ilmercoledi\/news\/wp-json\/wp\/v2\/news-destination?post=72123"},{"taxonomy":"news-source","embeddable":true,"href":"https:\/\/www.ilmercoledi.news\/ilmercoledi\/news\/wp-json\/wp\/v2\/news-source?post=72123"},{"taxonomy":"is_homepage","embeddable":true,"href":"https:\/\/www.ilmercoledi.news\/ilmercoledi\/news\/wp-json\/wp\/v2\/is_homepage?post=72123"},{"taxonomy":"ta_other","embeddable":true,"href":"https:\/\/www.ilmercoledi.news\/ilmercoledi\/news\/wp-json\/wp\/v2\/ta_other?post=72123"}],"curies":[{"name":"wp","href":"https:\/\/api.w.org\/{rel}","templated":true}]}}