{"id":72124,"date":"2025-01-27T05:43:33","date_gmt":"2025-01-27T04:43:33","guid":{"rendered":"https:\/\/euwps06.newsmemory.com\/ilmercoledi\/news\/?p=72124"},"modified":"2025-01-27T05:43:35","modified_gmt":"2024-08-30T05:43:35","slug":"vinovo-nuovo-corso-soccorritori-della-croce-verde","status":"publish","type":"post","link":"https:\/\/www.ilmercoledi.news\/2025\/01\/27\/vinovo-nuovo-corso-soccorritori-della-croce-verde\/","title":{"rendered":"VINOVO &#8211; Nuovo corso soccorritori della Croce Verde"},"content":{"rendered":"<p>Marted\u00ec 4 febbraio, alle ore 21, presso la sede della Croce Verde di Vinovo Candiolo Piobesi in via Altina 21, si terr\u00e0 la presentazione del Corso Allegato A per la formazione di nuovi volontari soccorritori.<\/p>\n<p>&nbsp;<\/p>\n<p>Quando si entra a far parte della Croce Verde di Vinovo si viene inseriti in una squadra in qualit\u00e0 di \u201caggregato\u201d e viene consegnato il calendario delle guardie previste nell\u2019anno.<\/p>\n<p>&nbsp;<\/p>\n<p>All\u2019interno della squadra si inizier\u00e0 a conoscere le modalit\u00e0 operative in attesa di frequentare il Corso di Formazione ed essere al pi\u00f9 presto operativi.<\/p>\n<p>&nbsp;<\/p>\n<p>Il corso ha una durata di circa 4 mesi tenuto da istruttori 118, alla fine del quale si dovr\u00e0 sostenere l\u2019esame finale.<\/p>\n<p>&nbsp;<\/p>\n<p>Si acquisisce cos\u00ec il Certificato Regionale Allegato A per le emergenze e l\u2019abilitazione all\u2019utilizzo del DAE, seguir\u00e0 poi un tirocinio protetto affiancati da un tutor e dopo 100 ore di servizio e almeno dieci servizi di emergenza si diventa militi soccorritori.<\/p>\n<p>&nbsp;<\/p>\n<p>Per ulteriori informazioni e per le modalit\u00e0 di iscrizione: tel. 011.9654400 &#8211; email: info@croceverdevinovo.it<\/p>\n","protected":false},"excerpt":{"rendered":"","protected":false},"author":11,"featured_media":4388,"comment_status":"open","ping_status":"closed","sticky":false,"template":"","format":"standard","meta":[],"categories":[8],"tags":[],"news-destination":[],"news-source":[],"is_homepage":[581],"ta_other":[],"_links":{"self":[{"href":"https:\/\/www.ilmercoledi.news\/ilmercoledi\/news\/wp-json\/wp\/v2\/posts\/72124"}],"collection":[{"href":"https:\/\/www.ilmercoledi.news\/ilmercoledi\/news\/wp-json\/wp\/v2\/posts"}],"about":[{"href":"https:\/\/www.ilmercoledi.news\/ilmercoledi\/news\/wp-json\/wp\/v2\/types\/post"}],"author":[{"embeddable":true,"href":"https:\/\/www.ilmercoledi.news\/ilmercoledi\/news\/wp-json\/wp\/v2\/users\/11"}],"replies":[{"embeddable":true,"href":"https:\/\/www.ilmercoledi.news\/ilmercoledi\/news\/wp-json\/wp\/v2\/comments?post=72124"}],"version-history":[{"count":0,"href":"https:\/\/www.ilmercoledi.news\/ilmercoledi\/news\/wp-json\/wp\/v2\/posts\/72124\/revisions"}],"wp:featuredmedia":[{"embeddable":true,"href":"https:\/\/www.ilmercoledi.news\/ilmercoledi\/news\/wp-json\/wp\/v2\/media\/4388"}],"wp:attachment":[{"href":"https:\/\/www.ilmercoledi.news\/ilmercoledi\/news\/wp-json\/wp\/v2\/media?parent=72124"}],"wp:term":[{"taxonomy":"category","embeddable":true,"href":"https:\/\/www.ilmercoledi.news\/ilmercoledi\/news\/wp-json\/wp\/v2\/categories?post=72124"},{"taxonomy":"post_tag","embeddable":true,"href":"https:\/\/www.ilmercoledi.news\/ilmercoledi\/news\/wp-json\/wp\/v2\/tags?post=72124"},{"taxonomy":"news-destination","embeddable":true,"href":"https:\/\/www.ilmercoledi.news\/ilmercoledi\/news\/wp-json\/wp\/v2\/news-destination?post=72124"},{"taxonomy":"news-source","embeddable":true,"href":"https:\/\/www.ilmercoledi.news\/ilmercoledi\/news\/wp-json\/wp\/v2\/news-source?post=72124"},{"taxonomy":"is_homepage","embeddable":true,"href":"https:\/\/www.ilmercoledi.news\/ilmercoledi\/news\/wp-json\/wp\/v2\/is_homepage?post=72124"},{"taxonomy":"ta_other","embeddable":true,"href":"https:\/\/www.ilmercoledi.news\/ilmercoledi\/news\/wp-json\/wp\/v2\/ta_other?post=72124"}],"curies":[{"name":"wp","href":"https:\/\/api.w.org\/{rel}","templated":true}]}}