{"id":72203,"date":"2025-01-29T23:12:19","date_gmt":"2025-01-29T22:12:19","guid":{"rendered":"https:\/\/euwps05.newsmemory.com\/ilmercoledi\/news\/?p=72203"},"modified":"2025-02-03T08:36:42","modified_gmt":"2025-02-03T07:36:42","slug":"moncalieri-montagna-sul-bilancio-asl-lo-hanno-bocciato-anche-revisori","status":"publish","type":"post","link":"https:\/\/www.ilmercoledi.news\/2025\/01\/29\/moncalieri-montagna-sul-bilancio-asl-lo-hanno-bocciato-anche-revisori\/","title":{"rendered":"MONCALIERI &#8211; Montagna sul bilancio Asl: &#8216;Lo hanno bocciato anche i revisori&#8221;."},"content":{"rendered":"<p>&#8220;Quasi 56milioni di euro di debito, pi\u00f9 che raddoppiato rispetto all\u2019anno scorso; 8 cittadini su 10 che si curano fuori dagli ospedali e dalle strutture del nostro territorio per un costo di 166milioni di euro che vengono pagati ai centri privati; neppure 1 euro dalla Regione Piemonte per l\u2019abbattimento liste di attesa e manutenzione del nostro ospedale Santa Croce e per quelli di Chieri e Carmagnola: sono questi i conti della nostra Asl To 5, una barca che sta affondando&#8221;. Durissima presa di posizione del sindaco di Moncalieri, Paolo Montagna sul bilancio Asl che i sindaci hanno respinto.<\/p>\n<p>&#8220;Non lo dico solo io, per ragioni che qualcuno pu\u00f2 pensare di parte. Leggete cosa dicono i revisori dei conti dell\u2019azienda: \u201cIl Collegio esprime parere contrario sul bilancio preventivo per l&#8217;anno 2025 non ritenendo le previsioni attendibili, congrue e coerenti\u201d.<\/p>\n<p>Sembra impossibile, ma c\u2019\u00e8 di peggio. Infatti, ci \u00e8 stato presentato il progetto del nuovo ospedale unico. Come ricorderete, la Giunta Cirio ha scelto di realizzarlo a Cambiano, ritenendo l\u2019area migliore di quella di Moncalieri, in zona industriale Vad\u00f2. Ci avevano spiegato che cos\u00ec non si sarebbe consumato suolo agricolo e si sarebbe speso meno perch\u00e9 l\u2019area non aveva problemi idrogeologici. Bugie, avevo controsservato. E oggi vengono fuori. Il progetto Cambiano, infatti, prevede la realizzazione della struttura su suolo agricolo e con un costo maggiore per le opere di messa in sicurezza idrogeologica! Senza pensare ai tempi: forse, ne vedremo la luce tra 10 anni, quando ormai tutti noi ci cureremo gi\u00e0 altrove&#8221;.<\/p>\n<p>Montagna non va per il sottile: &#8220;Insomma, \u00e8 una vergogna. Continuer\u00f2 a lottare per difendere la salute dei nostri cittadini. Vogliamo dalla Regione e dall\u2019Asl risposte urgenti e certe: per rispetto del diritto alla Salute dei nostri cittadini e per quei medici, infermieri e personale sanitario e non che nonostante tutto continuano straordinariamente a prendersi cura di noi&#8221;.<\/p>\n","protected":false},"excerpt":{"rendered":"","protected":false},"author":11,"featured_media":20850,"comment_status":"open","ping_status":"closed","sticky":false,"template":"","format":"standard","meta":[],"categories":[8],"tags":[],"news-destination":[],"news-source":[],"is_homepage":[581],"ta_other":[],"_links":{"self":[{"href":"https:\/\/www.ilmercoledi.news\/ilmercoledi\/news\/wp-json\/wp\/v2\/posts\/72203"}],"collection":[{"href":"https:\/\/www.ilmercoledi.news\/ilmercoledi\/news\/wp-json\/wp\/v2\/posts"}],"about":[{"href":"https:\/\/www.ilmercoledi.news\/ilmercoledi\/news\/wp-json\/wp\/v2\/types\/post"}],"author":[{"embeddable":true,"href":"https:\/\/www.ilmercoledi.news\/ilmercoledi\/news\/wp-json\/wp\/v2\/users\/11"}],"replies":[{"embeddable":true,"href":"https:\/\/www.ilmercoledi.news\/ilmercoledi\/news\/wp-json\/wp\/v2\/comments?post=72203"}],"version-history":[{"count":1,"href":"https:\/\/www.ilmercoledi.news\/ilmercoledi\/news\/wp-json\/wp\/v2\/posts\/72203\/revisions"}],"predecessor-version":[{"id":72219,"href":"https:\/\/www.ilmercoledi.news\/ilmercoledi\/news\/wp-json\/wp\/v2\/posts\/72203\/revisions\/72219"}],"wp:featuredmedia":[{"embeddable":true,"href":"https:\/\/www.ilmercoledi.news\/ilmercoledi\/news\/wp-json\/wp\/v2\/media\/20850"}],"wp:attachment":[{"href":"https:\/\/www.ilmercoledi.news\/ilmercoledi\/news\/wp-json\/wp\/v2\/media?parent=72203"}],"wp:term":[{"taxonomy":"category","embeddable":true,"href":"https:\/\/www.ilmercoledi.news\/ilmercoledi\/news\/wp-json\/wp\/v2\/categories?post=72203"},{"taxonomy":"post_tag","embeddable":true,"href":"https:\/\/www.ilmercoledi.news\/ilmercoledi\/news\/wp-json\/wp\/v2\/tags?post=72203"},{"taxonomy":"news-destination","embeddable":true,"href":"https:\/\/www.ilmercoledi.news\/ilmercoledi\/news\/wp-json\/wp\/v2\/news-destination?post=72203"},{"taxonomy":"news-source","embeddable":true,"href":"https:\/\/www.ilmercoledi.news\/ilmercoledi\/news\/wp-json\/wp\/v2\/news-source?post=72203"},{"taxonomy":"is_homepage","embeddable":true,"href":"https:\/\/www.ilmercoledi.news\/ilmercoledi\/news\/wp-json\/wp\/v2\/is_homepage?post=72203"},{"taxonomy":"ta_other","embeddable":true,"href":"https:\/\/www.ilmercoledi.news\/ilmercoledi\/news\/wp-json\/wp\/v2\/ta_other?post=72203"}],"curies":[{"name":"wp","href":"https:\/\/api.w.org\/{rel}","templated":true}]}}