{"id":72205,"date":"2025-01-29T23:04:20","date_gmt":"2025-01-29T22:04:20","guid":{"rendered":"https:\/\/euwps06.newsmemory.com\/ilmercoledi\/news\/?p=72205"},"modified":"2025-01-29T23:05:31","modified_gmt":"2024-09-01T23:05:31","slug":"nichelino-visita-del-neo-presidente-di-atc-via-cacciatori-nichelino","status":"publish","type":"post","link":"https:\/\/www.ilmercoledi.news\/2025\/01\/29\/nichelino-visita-del-neo-presidente-di-atc-via-cacciatori-nichelino\/","title":{"rendered":"NICHELINO &#8211; Visita del neo presidente di Atc in via Cacciatori a Nichelino"},"content":{"rendered":"<p>Sopralluogo questa mattina del presidente dell&#8217;Agenzia Territoriale per la Casa del Piemonte Centrale Maurizio Pedrini nel complesso di edilizia sociale di via Cacciatori 21 a Nichelino, insieme al sindaco Giampiero Tolardo e all&#8217;assessora alle Politiche della casa Paola Rasetto. Una visita finalizzata a verificare l\u2019andamento dei lavori all\u2019impianto ascensore che, dopo i fermi per allagamento dei giorni scorsi, Atc ha affidato a un\u2019impresa specializzata. Dopo aver fatto aspirare l\u2019acqua accumulata, proveniente dalla falda acquifera, sar\u00e0 realizzato una sorta di sistema di pompaggio permanente che, oltre a risolvere la criticit\u00e0 attuale, eviter\u00e0 il riproporsi del fenomeno in futuro.<\/p>\n<p>Il sopralluogo \u00e8 stato naturalmente anche l\u2019occasione per incontrare i residenti della scala 5 e rassicurarli sulla rimessa in funzione dell\u2019impianto nel pi\u00f9 breve tempo possibile (tra la serata di oggi, mercoled\u00ec 29 gennaio e la giornata di domani, gioved\u00ec 30), oltre che garantire loro attenzione alle necessit\u00e0 manutentive del complesso.<\/p>\n<p>\u201cCon la visita di oggi a Nichelino \u2013 ha dichiarato il presidente Atc Maurizio Pedrini \u2013 inauguriamo una serie di incontri nei quartieri, con l\u2019obiettivo di intensificare la presenza dell\u2019Agenzia e farla sentire pi\u00f9 vicina alle esigenze degli inquilini. Ringrazio il sindaco di Nichelino, che ho avuto modo di incontrare. Con le amministrazioni comunali avvieremo un confronto costante, per capire come rispondere al meglio ai bisogni delle persone che vivono nelle case popolari e alla crescente domanda di edilizia sociale dei territori. E\u2019 stata ad esempio condivisa la necessit\u00e0 di lavorare da subito sull\u2019autorecupero degli alloggi temporaneamente non locati per necessit\u00e0 di interventi manutentivi. Questo \u00e8 proprio uno dei temi su cui la nuova amministrazione intende concentrarsi\u201d.<\/p>\n<p>&#8220;Siamo sollevati per la risoluzione del problema da parte di Atc e ringraziamo il presidente Pedrini per la disponibilit\u00e0 e l&#8217;impegno \u2013 dichiarano Giampiero Tolardo, sindaco di Nichelino e Paola Rasetto, assessora alle Politiche della Casa \u2013 anche nei confronti dei palazzi di via Parri nei quali, ci \u00e8 stato assicurato, verr\u00e0 fatto un sopralluogo. Siamo rimasti favorevolmente colpiti, poi, dalla volont\u00e0 di Atc ad essere pi\u00f9 presente sul territorio e a dare vita a una cabina di regia con le amministrazioni comunali&#8221;.<\/p>\n","protected":false},"excerpt":{"rendered":"","protected":false},"author":11,"featured_media":72206,"comment_status":"open","ping_status":"closed","sticky":false,"template":"","format":"standard","meta":[],"categories":[8],"tags":[],"news-destination":[],"news-source":[],"is_homepage":[581],"ta_other":[],"_links":{"self":[{"href":"https:\/\/www.ilmercoledi.news\/ilmercoledi\/news\/wp-json\/wp\/v2\/posts\/72205"}],"collection":[{"href":"https:\/\/www.ilmercoledi.news\/ilmercoledi\/news\/wp-json\/wp\/v2\/posts"}],"about":[{"href":"https:\/\/www.ilmercoledi.news\/ilmercoledi\/news\/wp-json\/wp\/v2\/types\/post"}],"author":[{"embeddable":true,"href":"https:\/\/www.ilmercoledi.news\/ilmercoledi\/news\/wp-json\/wp\/v2\/users\/11"}],"replies":[{"embeddable":true,"href":"https:\/\/www.ilmercoledi.news\/ilmercoledi\/news\/wp-json\/wp\/v2\/comments?post=72205"}],"version-history":[{"count":1,"href":"https:\/\/www.ilmercoledi.news\/ilmercoledi\/news\/wp-json\/wp\/v2\/posts\/72205\/revisions"}],"predecessor-version":[{"id":72207,"href":"https:\/\/www.ilmercoledi.news\/ilmercoledi\/news\/wp-json\/wp\/v2\/posts\/72205\/revisions\/72207"}],"wp:featuredmedia":[{"embeddable":true,"href":"https:\/\/www.ilmercoledi.news\/ilmercoledi\/news\/wp-json\/wp\/v2\/media\/72206"}],"wp:attachment":[{"href":"https:\/\/www.ilmercoledi.news\/ilmercoledi\/news\/wp-json\/wp\/v2\/media?parent=72205"}],"wp:term":[{"taxonomy":"category","embeddable":true,"href":"https:\/\/www.ilmercoledi.news\/ilmercoledi\/news\/wp-json\/wp\/v2\/categories?post=72205"},{"taxonomy":"post_tag","embeddable":true,"href":"https:\/\/www.ilmercoledi.news\/ilmercoledi\/news\/wp-json\/wp\/v2\/tags?post=72205"},{"taxonomy":"news-destination","embeddable":true,"href":"https:\/\/www.ilmercoledi.news\/ilmercoledi\/news\/wp-json\/wp\/v2\/news-destination?post=72205"},{"taxonomy":"news-source","embeddable":true,"href":"https:\/\/www.ilmercoledi.news\/ilmercoledi\/news\/wp-json\/wp\/v2\/news-source?post=72205"},{"taxonomy":"is_homepage","embeddable":true,"href":"https:\/\/www.ilmercoledi.news\/ilmercoledi\/news\/wp-json\/wp\/v2\/is_homepage?post=72205"},{"taxonomy":"ta_other","embeddable":true,"href":"https:\/\/www.ilmercoledi.news\/ilmercoledi\/news\/wp-json\/wp\/v2\/ta_other?post=72205"}],"curies":[{"name":"wp","href":"https:\/\/api.w.org\/{rel}","templated":true}]}}