{"id":72210,"date":"2025-01-29T23:41:08","date_gmt":"2025-01-29T22:41:08","guid":{"rendered":"https:\/\/euwps05.newsmemory.com\/ilmercoledi\/news\/?p=72210"},"modified":"2025-01-29T23:43:01","modified_gmt":"2025-01-29T22:43:01","slug":"santena-affidati-lavori-di-piazza-martiri","status":"publish","type":"post","link":"https:\/\/www.ilmercoledi.news\/2025\/01\/29\/santena-affidati-lavori-di-piazza-martiri\/","title":{"rendered":"SANTENA &#8211; Affidati i lavori di piazza Martiri"},"content":{"rendered":"<p>Prosegue il cammino dell\u2019Amministrazione per la riqualificazione di piazza Martiri della Libert\u00e0. La citt\u00e0 ha approvato le modalit\u00e0 di affidamento dei lavori.<\/p>\n<p>Il progetto di fattibilit\u00e0 tecnico- economica e il progetto esecutivo per i lavori di riqualificazione di piazza Martiri della Libert\u00e0 sono opera dell\u2019architetto Roberto Gili, con studio in Saluzzo. Il quadro economico prevede lavori per euro 1.8 milioni, finanziati con un mutuo. L\u2019amministrazione intende affidare i lavori per la riqualificazione della piazza, mediante procedura negoziata senza bando. Saranno invitati a partecipare alla procedura almeno dieci operatori economici, individuati tra gli iscritti all\u2019albo fornitori del Comune. L\u2019aggiudicazione avverr\u00e0 sulla base del minor prezzo<\/p>\n","protected":false},"excerpt":{"rendered":"","protected":false},"author":11,"featured_media":22440,"comment_status":"open","ping_status":"closed","sticky":false,"template":"","format":"standard","meta":[],"categories":[8],"tags":[],"news-destination":[],"news-source":[],"is_homepage":[581],"ta_other":[],"_links":{"self":[{"href":"https:\/\/www.ilmercoledi.news\/ilmercoledi\/news\/wp-json\/wp\/v2\/posts\/72210"}],"collection":[{"href":"https:\/\/www.ilmercoledi.news\/ilmercoledi\/news\/wp-json\/wp\/v2\/posts"}],"about":[{"href":"https:\/\/www.ilmercoledi.news\/ilmercoledi\/news\/wp-json\/wp\/v2\/types\/post"}],"author":[{"embeddable":true,"href":"https:\/\/www.ilmercoledi.news\/ilmercoledi\/news\/wp-json\/wp\/v2\/users\/11"}],"replies":[{"embeddable":true,"href":"https:\/\/www.ilmercoledi.news\/ilmercoledi\/news\/wp-json\/wp\/v2\/comments?post=72210"}],"version-history":[{"count":0,"href":"https:\/\/www.ilmercoledi.news\/ilmercoledi\/news\/wp-json\/wp\/v2\/posts\/72210\/revisions"}],"wp:featuredmedia":[{"embeddable":true,"href":"https:\/\/www.ilmercoledi.news\/ilmercoledi\/news\/wp-json\/wp\/v2\/media\/22440"}],"wp:attachment":[{"href":"https:\/\/www.ilmercoledi.news\/ilmercoledi\/news\/wp-json\/wp\/v2\/media?parent=72210"}],"wp:term":[{"taxonomy":"category","embeddable":true,"href":"https:\/\/www.ilmercoledi.news\/ilmercoledi\/news\/wp-json\/wp\/v2\/categories?post=72210"},{"taxonomy":"post_tag","embeddable":true,"href":"https:\/\/www.ilmercoledi.news\/ilmercoledi\/news\/wp-json\/wp\/v2\/tags?post=72210"},{"taxonomy":"news-destination","embeddable":true,"href":"https:\/\/www.ilmercoledi.news\/ilmercoledi\/news\/wp-json\/wp\/v2\/news-destination?post=72210"},{"taxonomy":"news-source","embeddable":true,"href":"https:\/\/www.ilmercoledi.news\/ilmercoledi\/news\/wp-json\/wp\/v2\/news-source?post=72210"},{"taxonomy":"is_homepage","embeddable":true,"href":"https:\/\/www.ilmercoledi.news\/ilmercoledi\/news\/wp-json\/wp\/v2\/is_homepage?post=72210"},{"taxonomy":"ta_other","embeddable":true,"href":"https:\/\/www.ilmercoledi.news\/ilmercoledi\/news\/wp-json\/wp\/v2\/ta_other?post=72210"}],"curies":[{"name":"wp","href":"https:\/\/api.w.org\/{rel}","templated":true}]}}