{"id":72236,"date":"2025-02-03T08:36:33","date_gmt":"2025-02-03T07:36:33","guid":{"rendered":"https:\/\/euwps05.newsmemory.com\/ilmercoledi\/news\/?p=72236"},"modified":"2025-02-03T08:36:43","modified_gmt":"2025-02-03T07:36:43","slug":"sanita-domani-la-giornata-della-raccolta-del-farmaco","status":"publish","type":"post","link":"https:\/\/www.ilmercoledi.news\/2025\/02\/03\/sanita-domani-la-giornata-della-raccolta-del-farmaco\/","title":{"rendered":"SANIT\u00c0 &#8211; Domani la giornata della raccolta del farmaco"},"content":{"rendered":"<p>Le giornate di raccolta del farmaco si svolgeranno dal 4 al 10 febbraio in tutta Italia: sar\u00e0 possibile andare nelle farmacie che aderiscono e donare un medicinale per chi ha bisogno: il momento pi\u00f9 importante, sar\u00e0 la giornata di sabato 8 febbraio.<\/p>\n<p>L\u2019iniziativa coinvolger\u00e0 oltre 6.000 farmacie, in 105 province: i farmaci raccolti saranno distribuiti ai 2.012 enti assistenziali convenzionati con BANCO Farmaceutico per circa 430.000 bisognosi. Si pu\u00f2 aderire anche diventando volontario per le Giornate di Raccolta del Farmaco, prestando servizio in una delle 300 farmacie che in Torino e provincia hanno aderito all\u2019iniziativa, proponendo alla clientela l\u2019acquisto di uno o pi\u00f9 farmaci da automedicazione in modo da contribuire a combattere la povert\u00e0 sanitaria del nostro territorio.<\/p>\n","protected":false},"excerpt":{"rendered":"","protected":false},"author":11,"featured_media":15420,"comment_status":"open","ping_status":"closed","sticky":false,"template":"","format":"standard","meta":[],"categories":[8],"tags":[],"news-destination":[],"news-source":[],"is_homepage":[581],"ta_other":[],"_links":{"self":[{"href":"https:\/\/www.ilmercoledi.news\/ilmercoledi\/news\/wp-json\/wp\/v2\/posts\/72236"}],"collection":[{"href":"https:\/\/www.ilmercoledi.news\/ilmercoledi\/news\/wp-json\/wp\/v2\/posts"}],"about":[{"href":"https:\/\/www.ilmercoledi.news\/ilmercoledi\/news\/wp-json\/wp\/v2\/types\/post"}],"author":[{"embeddable":true,"href":"https:\/\/www.ilmercoledi.news\/ilmercoledi\/news\/wp-json\/wp\/v2\/users\/11"}],"replies":[{"embeddable":true,"href":"https:\/\/www.ilmercoledi.news\/ilmercoledi\/news\/wp-json\/wp\/v2\/comments?post=72236"}],"version-history":[{"count":0,"href":"https:\/\/www.ilmercoledi.news\/ilmercoledi\/news\/wp-json\/wp\/v2\/posts\/72236\/revisions"}],"wp:featuredmedia":[{"embeddable":true,"href":"https:\/\/www.ilmercoledi.news\/ilmercoledi\/news\/wp-json\/wp\/v2\/media\/15420"}],"wp:attachment":[{"href":"https:\/\/www.ilmercoledi.news\/ilmercoledi\/news\/wp-json\/wp\/v2\/media?parent=72236"}],"wp:term":[{"taxonomy":"category","embeddable":true,"href":"https:\/\/www.ilmercoledi.news\/ilmercoledi\/news\/wp-json\/wp\/v2\/categories?post=72236"},{"taxonomy":"post_tag","embeddable":true,"href":"https:\/\/www.ilmercoledi.news\/ilmercoledi\/news\/wp-json\/wp\/v2\/tags?post=72236"},{"taxonomy":"news-destination","embeddable":true,"href":"https:\/\/www.ilmercoledi.news\/ilmercoledi\/news\/wp-json\/wp\/v2\/news-destination?post=72236"},{"taxonomy":"news-source","embeddable":true,"href":"https:\/\/www.ilmercoledi.news\/ilmercoledi\/news\/wp-json\/wp\/v2\/news-source?post=72236"},{"taxonomy":"is_homepage","embeddable":true,"href":"https:\/\/www.ilmercoledi.news\/ilmercoledi\/news\/wp-json\/wp\/v2\/is_homepage?post=72236"},{"taxonomy":"ta_other","embeddable":true,"href":"https:\/\/www.ilmercoledi.news\/ilmercoledi\/news\/wp-json\/wp\/v2\/ta_other?post=72236"}],"curies":[{"name":"wp","href":"https:\/\/api.w.org\/{rel}","templated":true}]}}