{"id":72272,"date":"2025-02-03T22:10:07","date_gmt":"2025-02-03T21:10:07","guid":{"rendered":"https:\/\/euwps06.newsmemory.com\/ilmercoledi\/news\/2025\/02\/03\/santena-un-ordine-del-giorno-per-discutere-delle-strategie-sul-commercio\/"},"modified":"2025-02-03T22:10:09","modified_gmt":"2024-09-06T22:10:09","slug":"santena-un-ordine-del-giorno-per-discutere-delle-strategie-sul-commercio","status":"publish","type":"post","link":"https:\/\/www.ilmercoledi.news\/2025\/02\/03\/santena-un-ordine-del-giorno-per-discutere-delle-strategie-sul-commercio\/","title":{"rendered":"SANTENA &#8211; Un ordine del giorno per discutere delle strategie sul commercio"},"content":{"rendered":"<p>Il Consiglio Comunale di Santena ha affrontato il tema del commercio locale con l\u2019ordine del giorno \u201cCommercio Santenese: riscontro iniziative e prospettive future\u201d proposto dal gruppo di minoranza Centro Destra Unito per Santena. L\u2019obiettivo del dibattito \u00e8 stato analizzare le iniziative intraprese, valutarne gli effetti e discutere nuove strategie per rilanciare il settore, con particolare attenzione alla creazione di un\u2019Associazione Commercianti Santenesi.<\/p>\n<p>L\u2019<strong>Assessore al Commercio,<\/strong>\u00a0<strong>Silvia Migliore<\/strong>, ha illustrato le azioni messe in campo ad oggi dall\u2019amministrazione: \u00abSono programmati ciclicamente incontri con i commercianti, a cadenza semestrale o trimestrale, proprio per capire le loro esigenze e necessit\u00e0\u00bb. Tra le attivit\u00e0 promosse, ha evidenziato le campagne di comunicazione, in particolare quelle natalizie, che hanno visto una crescente adesione da parte delle attivit\u00e0 locali: \u00abNel 2023 hanno partecipato 27 attivit\u00e0 per la campagna natalizia e 23 nel 2024 a cui se sono proposti un\u2019altra decina oltre i termini. Molti altri commercianti, vedendo il successo delle iniziative, si sono fatti avanti infatti a campagna iniziata. Per la campagna estiva invece l\u2019adesione \u00e8 stata totale con un centinaio di attivit\u00e0\u00bb. Migliore ha inoltre annunciato l\u2019avvio di un progetto di formazione in collaborazione con l\u2019ASCOM, che offrir\u00e0 ai commercianti nuove competenze e strumenti per migliorare la gestione delle proprie attivit\u00e0.<\/p>\n<p>Sul tema della creazione di un\u2019associazione commercianti,\u00a0<strong>Elena Benente, consigliera di minoranza<\/strong>, ha sottolineato: \u00abNon possiamo rassegnarci alla situazione attuale del commercio santenese. Alcuni commercianti si lamentano, ma molti non fanno nulla per migliorare la situazione. Vogliamo capire se le iniziative intraprese abbiano portato riscontri effettivi\u00bb. Secondo Benente, l\u2019istituzione di un\u2019associazione rappresenterebbe un&#8217;opportunit\u00e0 strategica per i commercianti, permettendo loro di accedere a incentivi, partecipare a bandi e ottenere contributi per iniziative di promozione. \u00abSe vogliamo che il commercio a Santena riparta, dobbiamo trovare delle formule che incentivino l\u2019afflusso di clienti. Ad esempio, durante le manifestazioni pi\u00f9 importanti, come la Festa dei Santi Cosma e Damiano e la Sagra dell\u2019Asparago, dovremmo trovare modi per spingere i visitatori a frequentare le attivit\u00e0 locali\u00bb, ha aggiunto.<\/p>\n<p>L\u2019ordine del giorno ha anche posto l\u2019attenzione sui lavori di riqualificazione di Piazza Martiri, il cui inizio \u00e8 imminente. \u00c8 stata sollevata la necessit\u00e0 di informare in modo chiaro e tempestivo i commercianti sugli eventuali disagi alla viabilit\u00e0 e sugli accorgimenti che verranno adottati per garantire l\u2019accessibilit\u00e0 alle attivit\u00e0.<\/p>\n<p>\u00abIl nostro Gruppo\u00a0&#8211; prosegue Benente &#8211;\u00a0iniziando dall&#8217;incontro di luned\u00ec sera, sar\u00e0 presente agli incontri con i commercianti per mantenere attivo confronto e collaborazione con l&#8217;assessore di competenza\u00bb.<\/p>\n<p>Il Consiglio Comunale ha votato a favore della nascita di un\u2019Associazione Commercianti Santenesi, confermando l\u2019impegno dell\u2019amministrazione e delle forze politiche locali nel supportare il commercio cittadino.\u00a0\u00abSul tema dell\u2019associazione commercianti, l\u2019amministrazione ha sempre spinto per la sua creazione, ma deve esserci anche la volont\u00e0 da parte dei commercianti stessi di costituirla e gestirla. Noi continueremo a incentivare questa possibilit\u00e0\u00bb, ha concluso Migliore.<\/p>\n","protected":false},"excerpt":{"rendered":"","protected":false},"author":11,"featured_media":22440,"comment_status":"open","ping_status":"closed","sticky":false,"template":"","format":"standard","meta":[],"categories":[8],"tags":[],"news-destination":[],"news-source":[],"is_homepage":[581],"ta_other":[],"_links":{"self":[{"href":"https:\/\/www.ilmercoledi.news\/ilmercoledi\/news\/wp-json\/wp\/v2\/posts\/72272"}],"collection":[{"href":"https:\/\/www.ilmercoledi.news\/ilmercoledi\/news\/wp-json\/wp\/v2\/posts"}],"about":[{"href":"https:\/\/www.ilmercoledi.news\/ilmercoledi\/news\/wp-json\/wp\/v2\/types\/post"}],"author":[{"embeddable":true,"href":"https:\/\/www.ilmercoledi.news\/ilmercoledi\/news\/wp-json\/wp\/v2\/users\/11"}],"replies":[{"embeddable":true,"href":"https:\/\/www.ilmercoledi.news\/ilmercoledi\/news\/wp-json\/wp\/v2\/comments?post=72272"}],"version-history":[{"count":0,"href":"https:\/\/www.ilmercoledi.news\/ilmercoledi\/news\/wp-json\/wp\/v2\/posts\/72272\/revisions"}],"wp:featuredmedia":[{"embeddable":true,"href":"https:\/\/www.ilmercoledi.news\/ilmercoledi\/news\/wp-json\/wp\/v2\/media\/22440"}],"wp:attachment":[{"href":"https:\/\/www.ilmercoledi.news\/ilmercoledi\/news\/wp-json\/wp\/v2\/media?parent=72272"}],"wp:term":[{"taxonomy":"category","embeddable":true,"href":"https:\/\/www.ilmercoledi.news\/ilmercoledi\/news\/wp-json\/wp\/v2\/categories?post=72272"},{"taxonomy":"post_tag","embeddable":true,"href":"https:\/\/www.ilmercoledi.news\/ilmercoledi\/news\/wp-json\/wp\/v2\/tags?post=72272"},{"taxonomy":"news-destination","embeddable":true,"href":"https:\/\/www.ilmercoledi.news\/ilmercoledi\/news\/wp-json\/wp\/v2\/news-destination?post=72272"},{"taxonomy":"news-source","embeddable":true,"href":"https:\/\/www.ilmercoledi.news\/ilmercoledi\/news\/wp-json\/wp\/v2\/news-source?post=72272"},{"taxonomy":"is_homepage","embeddable":true,"href":"https:\/\/www.ilmercoledi.news\/ilmercoledi\/news\/wp-json\/wp\/v2\/is_homepage?post=72272"},{"taxonomy":"ta_other","embeddable":true,"href":"https:\/\/www.ilmercoledi.news\/ilmercoledi\/news\/wp-json\/wp\/v2\/ta_other?post=72272"}],"curies":[{"name":"wp","href":"https:\/\/api.w.org\/{rel}","templated":true}]}}