{"id":72289,"date":"2025-02-04T06:16:55","date_gmt":"2025-02-04T05:16:55","guid":{"rendered":"https:\/\/euwps06.newsmemory.com\/ilmercoledi\/news\/2025\/02\/04\/biblioteca-trofarello-la-diversita-che-unisce-martedi-4-febbraio-alle-1645\/"},"modified":"2025-02-04T06:17:05","modified_gmt":"2024-09-07T06:17:05","slug":"biblioteca-trofarello-la-diversita-che-unisce-martedi-4-febbraio-alle-1645","status":"publish","type":"post","link":"https:\/\/www.ilmercoledi.news\/2025\/02\/04\/biblioteca-trofarello-la-diversita-che-unisce-martedi-4-febbraio-alle-1645\/","title":{"rendered":"In Biblioteca a Trofarello la diversit\u00e0 che unisce. Marted\u00ec 4 febbraio alle 16,45"},"content":{"rendered":"<p>Non c&#8217;\u00e8 niente di meglio al mondo per i bambini della diversit\u00e0 che unisce. E&#8217; dedicato proprio a loro l&#8217;appuntamento alla biblioteca Lelio Basso di Trofarello di oggi marted\u00ec 4 febbraio alle ore 16,45 con l&#8217;incontro &#8220;La diversit\u00e0 che unisce&#8221;. L&#8217;invito della bibliotecaria Antonella Sabatino: &#8220;Aspettiamo i bambini e le bambine dai 3 ai 6 anni per un&#8217;attivit\u00e0 e un laboratorio bellissimi&#8221;.<\/p>\n<p>Per info e prenotazioni: biblioteca@comune.trofarello.to.it.<\/p>\n<p>&nbsp;<\/p>\n","protected":false},"excerpt":{"rendered":"","protected":false},"author":4,"featured_media":72288,"comment_status":"open","ping_status":"closed","sticky":false,"template":"","format":"standard","meta":[],"categories":[395],"tags":[],"news-destination":[],"news-source":[],"is_homepage":[581],"ta_other":[],"_links":{"self":[{"href":"https:\/\/www.ilmercoledi.news\/ilmercoledi\/news\/wp-json\/wp\/v2\/posts\/72289"}],"collection":[{"href":"https:\/\/www.ilmercoledi.news\/ilmercoledi\/news\/wp-json\/wp\/v2\/posts"}],"about":[{"href":"https:\/\/www.ilmercoledi.news\/ilmercoledi\/news\/wp-json\/wp\/v2\/types\/post"}],"author":[{"embeddable":true,"href":"https:\/\/www.ilmercoledi.news\/ilmercoledi\/news\/wp-json\/wp\/v2\/users\/4"}],"replies":[{"embeddable":true,"href":"https:\/\/www.ilmercoledi.news\/ilmercoledi\/news\/wp-json\/wp\/v2\/comments?post=72289"}],"version-history":[{"count":0,"href":"https:\/\/www.ilmercoledi.news\/ilmercoledi\/news\/wp-json\/wp\/v2\/posts\/72289\/revisions"}],"wp:featuredmedia":[{"embeddable":true,"href":"https:\/\/www.ilmercoledi.news\/ilmercoledi\/news\/wp-json\/wp\/v2\/media\/72288"}],"wp:attachment":[{"href":"https:\/\/www.ilmercoledi.news\/ilmercoledi\/news\/wp-json\/wp\/v2\/media?parent=72289"}],"wp:term":[{"taxonomy":"category","embeddable":true,"href":"https:\/\/www.ilmercoledi.news\/ilmercoledi\/news\/wp-json\/wp\/v2\/categories?post=72289"},{"taxonomy":"post_tag","embeddable":true,"href":"https:\/\/www.ilmercoledi.news\/ilmercoledi\/news\/wp-json\/wp\/v2\/tags?post=72289"},{"taxonomy":"news-destination","embeddable":true,"href":"https:\/\/www.ilmercoledi.news\/ilmercoledi\/news\/wp-json\/wp\/v2\/news-destination?post=72289"},{"taxonomy":"news-source","embeddable":true,"href":"https:\/\/www.ilmercoledi.news\/ilmercoledi\/news\/wp-json\/wp\/v2\/news-source?post=72289"},{"taxonomy":"is_homepage","embeddable":true,"href":"https:\/\/www.ilmercoledi.news\/ilmercoledi\/news\/wp-json\/wp\/v2\/is_homepage?post=72289"},{"taxonomy":"ta_other","embeddable":true,"href":"https:\/\/www.ilmercoledi.news\/ilmercoledi\/news\/wp-json\/wp\/v2\/ta_other?post=72289"}],"curies":[{"name":"wp","href":"https:\/\/api.w.org\/{rel}","templated":true}]}}