{"id":72291,"date":"2025-02-04T15:57:50","date_gmt":"2025-02-04T14:57:50","guid":{"rendered":"https:\/\/euwps06.newsmemory.com\/ilmercoledi\/news\/2025\/02\/04\/carmagnola-via-al-progetto-di-spazzamento-con-attivazione-sociale-per-persone-fragili\/"},"modified":"2025-02-04T15:57:58","modified_gmt":"2024-09-07T15:57:58","slug":"carmagnola-via-al-progetto-di-spazzamento-con-attivazione-sociale-per-persone-fragili","status":"publish","type":"post","link":"https:\/\/www.ilmercoledi.news\/2025\/02\/04\/carmagnola-via-al-progetto-di-spazzamento-con-attivazione-sociale-per-persone-fragili\/","title":{"rendered":"CARMAGNOLA &#8211;  Via al progetto di &#8216;Spazzamento con attivazione sociale&#8217; per persone fragili"},"content":{"rendered":"<p>Il Comune di Carmagnola ha approvato un ambizioso piano operativo per il periodo 2025-2027, che mira a coniugare la pulizia e il decoro urbano con un\u2019importante azione di inclusione sociale.<\/p>\n<p>Il progetto, al via dal 1\u00b0 marzo, prevede il coinvolgimento di persone in condizione di fragilit\u00e0 \u2013 disoccupati di lunga durata, over 58 in attesa di pensione, persone con difficolt\u00e0 di inserimento lavorativo \u2013 che saranno impiegate nelle attivit\u00e0 di spazzamento manuale e manutenzione di ampie aree pubbliche (vie, piazze, aree verdi) del territorio comunale attualmente gestite nell\u2019ambito del servizio appaltato di igiene urbana, che si prevede di stralciare dal contratto in essere facente capo al Consorzio Chierese per i Servizi.<\/p>\n<p>La gestione delle aree coinvolte sar\u00e0 trasferita direttamente al Comune, consentendo una maggiore vicinanza ai cittadini e una risposta pi\u00f9 rapida alle segnalazioni e necessit\u00e0 del territorio. Oltre ai benefici ambientali e alla maggiore efficienza del servizio, il progetto porter\u00e0 un risparmio economico di circa 300.000 euro complessivi nei tre anni di attuazione.<\/p>\n<p>Questa iniziativa \u00e8 il risultato di un percorso avviato dal Comune di Carmagnola gi\u00e0 nel 2017, con progettazioni specifiche dedicate all\u2019inserimento lavorativo di persone con problematiche di varia natura. Nel corso degli anni, sono stati attivati percorsi di avvicinamento al lavoro in sinergia con i servizi sociali che hanno coinvolto ben 335 persone, permettendo loro di acquisire abilit\u00e0 sociali e comunicative fondamentali per un futuro reinserimento nel mondo del lavoro.<\/p>\n<p><strong>Un percorso di crescita per le persone coinvolte, che migliora inoltre la sostenibilit\u00e0 ambientale<\/strong><\/p>\n<p>Rispetto alle iniziative simili degli anni precedenti, questo piano prevede il supporto di una\u00a0<strong>\u201cequipe multidisciplinare per la grave emarginazione adulta\u201d<\/strong>, composta da assistenti sociali, esperti del Centro per l\u2019Impiego e rappresentanti di enti del terzo settore, per garantire un accompagnamento personalizzato.<\/p>\n<p>Ne faranno parte un assistente sociale del CISA 31, il responsabile del Centro per l\u2019Impiego, il responsabile del C.SM. ASL TO 5, il responsabile delle Cooperative Solidariet\u00e0, il dirigente dell\u2019Area Amministrativa, il responsabile del Centro Competenze e il responsabile del Settore Giovani, Famiglie e Sport.<\/p>\n<p>Questa squadra avr\u00e0 il compito di monitorare i percorsi lavorativi, accompagnare i soggetti coinvolti nell\u2019attivazione delle risorse territoriali disponibili e garantire un\u2019efficace integrazione con le progettazioni gi\u00e0 attive sul territorio, in linea con le \u201cLinee guida per il contrasto alla grave emarginazione adulta\u201d.<\/p>\n<p>Un aspetto chiave del progetto riguarda la formazione. Tra le varie iniziative verr\u00e0 attivato un percorso specifico per giardinieri tramite i corsi del programma Gol, che prevede 400 ore di teoria e 600 ore di pratica a fianco del personale comunale, offrendo ai partecipanti nuove competenze professionali, garantendo inoltre la completa eliminazione dell\u2019uso di qualunque diserbante, sia chimico che biologico, sul suolo pubblico.<\/p>\n","protected":false},"excerpt":{"rendered":"","protected":false},"author":11,"featured_media":72290,"comment_status":"open","ping_status":"closed","sticky":false,"template":"","format":"standard","meta":[],"categories":[8],"tags":[],"news-destination":[],"news-source":[],"is_homepage":[581],"ta_other":[],"_links":{"self":[{"href":"https:\/\/www.ilmercoledi.news\/ilmercoledi\/news\/wp-json\/wp\/v2\/posts\/72291"}],"collection":[{"href":"https:\/\/www.ilmercoledi.news\/ilmercoledi\/news\/wp-json\/wp\/v2\/posts"}],"about":[{"href":"https:\/\/www.ilmercoledi.news\/ilmercoledi\/news\/wp-json\/wp\/v2\/types\/post"}],"author":[{"embeddable":true,"href":"https:\/\/www.ilmercoledi.news\/ilmercoledi\/news\/wp-json\/wp\/v2\/users\/11"}],"replies":[{"embeddable":true,"href":"https:\/\/www.ilmercoledi.news\/ilmercoledi\/news\/wp-json\/wp\/v2\/comments?post=72291"}],"version-history":[{"count":1,"href":"https:\/\/www.ilmercoledi.news\/ilmercoledi\/news\/wp-json\/wp\/v2\/posts\/72291\/revisions"}],"predecessor-version":[{"id":72292,"href":"https:\/\/www.ilmercoledi.news\/ilmercoledi\/news\/wp-json\/wp\/v2\/posts\/72291\/revisions\/72292"}],"wp:featuredmedia":[{"embeddable":true,"href":"https:\/\/www.ilmercoledi.news\/ilmercoledi\/news\/wp-json\/wp\/v2\/media\/72290"}],"wp:attachment":[{"href":"https:\/\/www.ilmercoledi.news\/ilmercoledi\/news\/wp-json\/wp\/v2\/media?parent=72291"}],"wp:term":[{"taxonomy":"category","embeddable":true,"href":"https:\/\/www.ilmercoledi.news\/ilmercoledi\/news\/wp-json\/wp\/v2\/categories?post=72291"},{"taxonomy":"post_tag","embeddable":true,"href":"https:\/\/www.ilmercoledi.news\/ilmercoledi\/news\/wp-json\/wp\/v2\/tags?post=72291"},{"taxonomy":"news-destination","embeddable":true,"href":"https:\/\/www.ilmercoledi.news\/ilmercoledi\/news\/wp-json\/wp\/v2\/news-destination?post=72291"},{"taxonomy":"news-source","embeddable":true,"href":"https:\/\/www.ilmercoledi.news\/ilmercoledi\/news\/wp-json\/wp\/v2\/news-source?post=72291"},{"taxonomy":"is_homepage","embeddable":true,"href":"https:\/\/www.ilmercoledi.news\/ilmercoledi\/news\/wp-json\/wp\/v2\/is_homepage?post=72291"},{"taxonomy":"ta_other","embeddable":true,"href":"https:\/\/www.ilmercoledi.news\/ilmercoledi\/news\/wp-json\/wp\/v2\/ta_other?post=72291"}],"curies":[{"name":"wp","href":"https:\/\/api.w.org\/{rel}","templated":true}]}}