{"id":72321,"date":"2025-02-05T22:05:26","date_gmt":"2025-02-05T21:05:26","guid":{"rendered":"https:\/\/euwps06.newsmemory.com\/ilmercoledi\/news\/2025\/02\/05\/smog-cintura-di-torino-scatta-il-livello-arancio\/"},"modified":"2025-02-05T22:05:28","modified_gmt":"2024-09-08T22:05:28","slug":"smog-cintura-di-torino-scatta-il-livello-arancio","status":"publish","type":"post","link":"https:\/\/www.ilmercoledi.news\/2025\/02\/05\/smog-cintura-di-torino-scatta-il-livello-arancio\/","title":{"rendered":"SMOG &#8211; In cintura di Torino scatta il livello arancio"},"content":{"rendered":"<p>A Torino e in altri 32 comuni della cintura, da gioved\u00ec 6 a venerd\u00ec 7 febbraio compreso, le misure di limitazione del traffico passeranno al livello 1 (arancio). I dati previsionali forniti mercoled\u00ec 5 febbraio da Arpa Piemonte evidenziano infatti il superamento del valore di 50 mcg\/mc di concentrazione media giornaliera di PM10 nell\u2019aria per tre giorni consecutivi. Eventuali variazioni del semaforo antismog in vigore, con le relative misure di limitazione del traffico, vengono comunicate il luned\u00ec, mercoled\u00ec e venerd\u00ec, giorni di controllo sui dati previsionali di PM10, ed entrano in vigore il giorno successivo.<\/p>\n<p>&nbsp;<\/p>\n<p>Cosa cambia per chi si sposta<\/p>\n<p>Alle limitazioni strutturali in vigore, per il trasporto persone si aggiunger\u00e0 il blocco dei veicoli diesel con omologazione Euro 5 valido tutti i giorni (festivi compresi) dalle 8 alle 19, mentre il blocco dei veicoli diesel Euro 3 e Euro 4 si prolungher\u00e0 alle giornate di sabato e domenica, sempre dalle 8 alle 19. Stessa regola anche per i veicoli adibiti al trasporto merci, che vedranno il divieto di circolazione estendersi ai diesel con omologazione Euro 3, Euro 4 ed Euro 5 su tutti i giorni (festivi compresi), sempre con orario 8-19. Con l\u2019attivazione del livello arancio si fermeranno anche tutti i veicoli dotati di dispositivo \u201cMove In\u201d, in quanto comunque soggetti alle limitazioni temporanee della circolazione veicolare conseguenti alle previsioni di perdurante accumulo degli inquinanti nell\u2019aria.<\/p>\n","protected":false},"excerpt":{"rendered":"","protected":false},"author":11,"featured_media":1815,"comment_status":"open","ping_status":"closed","sticky":false,"template":"","format":"standard","meta":[],"categories":[8],"tags":[],"news-destination":[],"news-source":[],"is_homepage":[581],"ta_other":[],"_links":{"self":[{"href":"https:\/\/www.ilmercoledi.news\/ilmercoledi\/news\/wp-json\/wp\/v2\/posts\/72321"}],"collection":[{"href":"https:\/\/www.ilmercoledi.news\/ilmercoledi\/news\/wp-json\/wp\/v2\/posts"}],"about":[{"href":"https:\/\/www.ilmercoledi.news\/ilmercoledi\/news\/wp-json\/wp\/v2\/types\/post"}],"author":[{"embeddable":true,"href":"https:\/\/www.ilmercoledi.news\/ilmercoledi\/news\/wp-json\/wp\/v2\/users\/11"}],"replies":[{"embeddable":true,"href":"https:\/\/www.ilmercoledi.news\/ilmercoledi\/news\/wp-json\/wp\/v2\/comments?post=72321"}],"version-history":[{"count":0,"href":"https:\/\/www.ilmercoledi.news\/ilmercoledi\/news\/wp-json\/wp\/v2\/posts\/72321\/revisions"}],"wp:featuredmedia":[{"embeddable":true,"href":"https:\/\/www.ilmercoledi.news\/ilmercoledi\/news\/wp-json\/wp\/v2\/media\/1815"}],"wp:attachment":[{"href":"https:\/\/www.ilmercoledi.news\/ilmercoledi\/news\/wp-json\/wp\/v2\/media?parent=72321"}],"wp:term":[{"taxonomy":"category","embeddable":true,"href":"https:\/\/www.ilmercoledi.news\/ilmercoledi\/news\/wp-json\/wp\/v2\/categories?post=72321"},{"taxonomy":"post_tag","embeddable":true,"href":"https:\/\/www.ilmercoledi.news\/ilmercoledi\/news\/wp-json\/wp\/v2\/tags?post=72321"},{"taxonomy":"news-destination","embeddable":true,"href":"https:\/\/www.ilmercoledi.news\/ilmercoledi\/news\/wp-json\/wp\/v2\/news-destination?post=72321"},{"taxonomy":"news-source","embeddable":true,"href":"https:\/\/www.ilmercoledi.news\/ilmercoledi\/news\/wp-json\/wp\/v2\/news-source?post=72321"},{"taxonomy":"is_homepage","embeddable":true,"href":"https:\/\/www.ilmercoledi.news\/ilmercoledi\/news\/wp-json\/wp\/v2\/is_homepage?post=72321"},{"taxonomy":"ta_other","embeddable":true,"href":"https:\/\/www.ilmercoledi.news\/ilmercoledi\/news\/wp-json\/wp\/v2\/ta_other?post=72321"}],"curies":[{"name":"wp","href":"https:\/\/api.w.org\/{rel}","templated":true}]}}