{"id":72327,"date":"2025-02-06T07:17:30","date_gmt":"2025-02-06T06:17:30","guid":{"rendered":"https:\/\/euwps05.newsmemory.com\/ilmercoledi\/news\/2025\/02\/06\/moncalieri-vandali-abbattono-cestino-davanti-alla-biblioteca\/"},"modified":"2025-02-06T07:20:28","modified_gmt":"2025-02-06T06:20:28","slug":"moncalieri-vandali-abbattono-cestino-davanti-alla-biblioteca","status":"publish","type":"post","link":"https:\/\/www.ilmercoledi.news\/2025\/02\/06\/moncalieri-vandali-abbattono-cestino-davanti-alla-biblioteca\/","title":{"rendered":"MONCALIERI &#8211; Vandali abbattono cestino davanti alla biblioteca"},"content":{"rendered":"<p>Continuano gli atti vandalici sul territorio di Moncalieri. Pochi giorni fa due ragazzi intorno alle 22\u00a0 hanno buttato gi\u00f9 un cestino nel giardino di fronte alla biblioteca, prendendolo a calci. La zona \u00e8 coperta dalla videosorveglianza e non \u00e8 escluso che i responsabili possano essere stati ripresi dalla telecamera. Ieri gli addetti comunali hanno comunque riposizionato il cestino al suo posto.<\/p>\n","protected":false},"excerpt":{"rendered":"","protected":false},"author":11,"featured_media":72326,"comment_status":"open","ping_status":"closed","sticky":false,"template":"","format":"standard","meta":[],"categories":[8],"tags":[],"news-destination":[],"news-source":[],"is_homepage":[581],"ta_other":[],"_links":{"self":[{"href":"https:\/\/www.ilmercoledi.news\/ilmercoledi\/news\/wp-json\/wp\/v2\/posts\/72327"}],"collection":[{"href":"https:\/\/www.ilmercoledi.news\/ilmercoledi\/news\/wp-json\/wp\/v2\/posts"}],"about":[{"href":"https:\/\/www.ilmercoledi.news\/ilmercoledi\/news\/wp-json\/wp\/v2\/types\/post"}],"author":[{"embeddable":true,"href":"https:\/\/www.ilmercoledi.news\/ilmercoledi\/news\/wp-json\/wp\/v2\/users\/11"}],"replies":[{"embeddable":true,"href":"https:\/\/www.ilmercoledi.news\/ilmercoledi\/news\/wp-json\/wp\/v2\/comments?post=72327"}],"version-history":[{"count":0,"href":"https:\/\/www.ilmercoledi.news\/ilmercoledi\/news\/wp-json\/wp\/v2\/posts\/72327\/revisions"}],"wp:featuredmedia":[{"embeddable":true,"href":"https:\/\/www.ilmercoledi.news\/ilmercoledi\/news\/wp-json\/wp\/v2\/media\/72326"}],"wp:attachment":[{"href":"https:\/\/www.ilmercoledi.news\/ilmercoledi\/news\/wp-json\/wp\/v2\/media?parent=72327"}],"wp:term":[{"taxonomy":"category","embeddable":true,"href":"https:\/\/www.ilmercoledi.news\/ilmercoledi\/news\/wp-json\/wp\/v2\/categories?post=72327"},{"taxonomy":"post_tag","embeddable":true,"href":"https:\/\/www.ilmercoledi.news\/ilmercoledi\/news\/wp-json\/wp\/v2\/tags?post=72327"},{"taxonomy":"news-destination","embeddable":true,"href":"https:\/\/www.ilmercoledi.news\/ilmercoledi\/news\/wp-json\/wp\/v2\/news-destination?post=72327"},{"taxonomy":"news-source","embeddable":true,"href":"https:\/\/www.ilmercoledi.news\/ilmercoledi\/news\/wp-json\/wp\/v2\/news-source?post=72327"},{"taxonomy":"is_homepage","embeddable":true,"href":"https:\/\/www.ilmercoledi.news\/ilmercoledi\/news\/wp-json\/wp\/v2\/is_homepage?post=72327"},{"taxonomy":"ta_other","embeddable":true,"href":"https:\/\/www.ilmercoledi.news\/ilmercoledi\/news\/wp-json\/wp\/v2\/ta_other?post=72327"}],"curies":[{"name":"wp","href":"https:\/\/api.w.org\/{rel}","templated":true}]}}