{"id":72338,"date":"2025-02-06T10:48:27","date_gmt":"2025-02-06T09:48:27","guid":{"rendered":"https:\/\/euwps06.newsmemory.com\/ilmercoledi\/news\/2025\/02\/06\/la-regione-da-125-200-euro-trofarello-per-il-nubifragio-di-luglio\/"},"modified":"2025-02-06T10:58:08","modified_gmt":"2024-09-09T10:58:08","slug":"la-regione-da-125-200-euro-trofarello-per-il-nubifragio-di-luglio","status":"publish","type":"post","link":"https:\/\/www.ilmercoledi.news\/2025\/02\/06\/la-regione-da-125-200-euro-trofarello-per-il-nubifragio-di-luglio\/","title":{"rendered":"La Regione d\u00e0 125.200 euro a Trofarello per il nubifragio di luglio"},"content":{"rendered":"<p>&nbsp;<\/p>\n<p>La sicurezza del territorio \u00e8 priorit\u00e0 a <strong>Trofarello<\/strong>, dove il Comune \u00e8 pronto a varare \u201cinterventi mirati alla sicurezza stradale e al ripristino di aree danneggiate\u201d.<\/p>\n<p>Nei giorni scorsi <strong>la Regione ha assegnato alla cittadina della cintura Sud 125.200 euro per riparare i danni causati dal nubifragio del 7 luglio 2024.<\/strong> A seguito del cataclisma il sindaco di Trofarello Stefano Napoletano aveva chiesto la calamit\u00e0 naturale, precisando che il Comune \u201cda solo non pu\u00f2 fronteggiare, con mezzi e risorse proprie, i danni occorsi al patrimonio pubblico. I contributi sono concessi per interventi mirati alla tutela dell\u2019incolumit\u00e0 e dell\u2019igiene pubblica\u201d.<\/p>\n<p>Ora con il contributo straordinario della Regione sar\u00e0 possibile intervenire sulla messa in sicurezza. Sono previste diverse opere pubbliche, \u201ctra cui messa in sicurezza delle strade comunali, miglioramento dell\u2019illuminazione pubblica; rimozione di materiali pericolosi; ripristino della funzionalit\u00e0 delle vasche di laminazione; manutenzione degli argini del rio Sauglio\u201d, spiega il primo cittadino della citt\u00e0 dell\u2019amarena. <strong>Tra le spese maggiori nel piano di messa in sicurezza del territorio ci sono la risistemazione del tetto della chiesetta San Giuseppe (50.000 euro), il consolidamento del ponte di via Santo Stefano (30.000 euro), per i danni occorsi la riparazione degli immobili scolastici e sportivi danneggiati dal maltempo (25.000 euro), la risistemazione dell\u2019illuminazione pubblica (3.500 euro).<\/strong> Per finalizzare le opere Trofarello potr\u00e0 contare anche sulla collaborazione degli uffici regionali.<\/p>\n<p>L\u2019iniziativa rientra in un contributo regionale generale di 1,2 milioni di euro, mirato a potenziare la sicurezza e l\u2019efficienza delle infrastrutture in varie zone del Piemonte, per cui il presidente della Regione Alberto Cirio e l\u2019assessore alla Difesa del suolo Marco Gabusi hanno sottolineato l\u2019importanza di investimenti mirati alla tutela del territorio.<\/p>\n<p>Commenta Napoletano: \u201cSi tratta di <strong>un ristoro rispetto ai danni provocati dal meteo in occasione dell\u2019evento calamitoso del 7 luglio 2024<\/strong>. Abbiamo vissuto dei momenti molto concitati. Ringraziamo la Regione per aver accolto la richiesta di riconoscimento dello stato di emergenza. Nelle settimane successive i periti della Regione hanno potuto appurare l\u2019entit\u00e0 dei danni e la bont\u00e0 delle richieste avanzate. Sono contento perch\u00e9 non solo siamo riusciti a dare una risposta immediata al nubifragio, liberando strade e mettendo in sicurezza gli edifici da ulteriori danni, ma anche perch\u00e9 siamo riusciti a ottenere i necessari fondi\u201d.<\/p>\n<p><strong>Un unico dispiacere per il sindaco<\/strong>: \u201c<strong>Non abbiamo ancora ricevuto notizie dalla Regione riguardo alla richiesta per i danni alle colture subiti dalle nostre aziende agricole, che sono stati ingenti<\/strong>. Abbiamo veramente tanti cantieri e progetti in essere &#8211; conclude -, ci impegneremo per vedere realizzate le opere finanziate dalla legge 38 entro pochi mesi\u201d.<\/p>\n","protected":false},"excerpt":{"rendered":"","protected":false},"author":4,"featured_media":72337,"comment_status":"open","ping_status":"closed","sticky":false,"template":"","format":"standard","meta":[],"categories":[8],"tags":[],"news-destination":[],"news-source":[],"is_homepage":[581],"ta_other":[],"_links":{"self":[{"href":"https:\/\/www.ilmercoledi.news\/ilmercoledi\/news\/wp-json\/wp\/v2\/posts\/72338"}],"collection":[{"href":"https:\/\/www.ilmercoledi.news\/ilmercoledi\/news\/wp-json\/wp\/v2\/posts"}],"about":[{"href":"https:\/\/www.ilmercoledi.news\/ilmercoledi\/news\/wp-json\/wp\/v2\/types\/post"}],"author":[{"embeddable":true,"href":"https:\/\/www.ilmercoledi.news\/ilmercoledi\/news\/wp-json\/wp\/v2\/users\/4"}],"replies":[{"embeddable":true,"href":"https:\/\/www.ilmercoledi.news\/ilmercoledi\/news\/wp-json\/wp\/v2\/comments?post=72338"}],"version-history":[{"count":1,"href":"https:\/\/www.ilmercoledi.news\/ilmercoledi\/news\/wp-json\/wp\/v2\/posts\/72338\/revisions"}],"predecessor-version":[{"id":72339,"href":"https:\/\/www.ilmercoledi.news\/ilmercoledi\/news\/wp-json\/wp\/v2\/posts\/72338\/revisions\/72339"}],"wp:featuredmedia":[{"embeddable":true,"href":"https:\/\/www.ilmercoledi.news\/ilmercoledi\/news\/wp-json\/wp\/v2\/media\/72337"}],"wp:attachment":[{"href":"https:\/\/www.ilmercoledi.news\/ilmercoledi\/news\/wp-json\/wp\/v2\/media?parent=72338"}],"wp:term":[{"taxonomy":"category","embeddable":true,"href":"https:\/\/www.ilmercoledi.news\/ilmercoledi\/news\/wp-json\/wp\/v2\/categories?post=72338"},{"taxonomy":"post_tag","embeddable":true,"href":"https:\/\/www.ilmercoledi.news\/ilmercoledi\/news\/wp-json\/wp\/v2\/tags?post=72338"},{"taxonomy":"news-destination","embeddable":true,"href":"https:\/\/www.ilmercoledi.news\/ilmercoledi\/news\/wp-json\/wp\/v2\/news-destination?post=72338"},{"taxonomy":"news-source","embeddable":true,"href":"https:\/\/www.ilmercoledi.news\/ilmercoledi\/news\/wp-json\/wp\/v2\/news-source?post=72338"},{"taxonomy":"is_homepage","embeddable":true,"href":"https:\/\/www.ilmercoledi.news\/ilmercoledi\/news\/wp-json\/wp\/v2\/is_homepage?post=72338"},{"taxonomy":"ta_other","embeddable":true,"href":"https:\/\/www.ilmercoledi.news\/ilmercoledi\/news\/wp-json\/wp\/v2\/ta_other?post=72338"}],"curies":[{"name":"wp","href":"https:\/\/api.w.org\/{rel}","templated":true}]}}