{"id":72344,"date":"2025-02-07T07:13:13","date_gmt":"2025-02-07T06:13:13","guid":{"rendered":"https:\/\/euwps05.newsmemory.com\/ilmercoledi\/news\/2025\/02\/07\/moncalieri-il-sindaco-scrive-al-prefetto-serve-piu-sicurezza\/"},"modified":"2025-02-07T07:14:37","modified_gmt":"2025-02-07T06:14:37","slug":"moncalieri-il-sindaco-scrive-al-prefetto-serve-piu-sicurezza","status":"publish","type":"post","link":"https:\/\/www.ilmercoledi.news\/2025\/02\/07\/moncalieri-il-sindaco-scrive-al-prefetto-serve-piu-sicurezza\/","title":{"rendered":"MONCALIERI &#8211; Il sindaco scrive al Prefetto: &#8216;Serve pi\u00f9 sicurezza&#8217;"},"content":{"rendered":"<p>Sul tema sicurezza a Moncalieri, il sindaco Paolo Montagna ha preso carta\u00a0 e penna e ha scritto al Prefetto.<\/p>\n<p>&#8220;Adesso basta. Chiediamo Sicurezza in Citt\u00e0 e in particolare in Piazza Bengasi e nelle vie principali collegate: Corso Roma, Via Sestriere e strade limitrofe. La proposta \u00e8 che questa area, Borgo San Pietro, diventi una zona a \u201cvigilanza rafforzata\u201d, visti gli episodi di criminalit\u00e0 e spaccio di stupefacenti che si perpetrano ogni giorno e a qualunque orario. Il tema della Sicurezza \u00e8 una priorit\u00e0 per la qualit\u00e0 della vita delle persone. In questi anni a Moncalieri abbiamo agito su due fronti. Da una parte con la rigenerazione di numerose piazze, giardini e spazi pubblici, oltre che all\u2019avvio di servizi alla persona nei luoghi pi\u00f9 difficili e\/o periferici. Dall\u2019altra, con misure di prevenzione e repressione, come la chiusura dei 6 campi rom abusivi che erano presenti fino al 2015.<\/p>\n<p>Riteniamo di aver fatto \u201csicurezza\u201d con la ludoteca \u201cMicro Zoe\u201d in strada Vignotto, che \u00e8 diventata il primo e sicuro punto di riferimento per bambini e famiglie; il Parco della Luna, che ha trasformato un\u2019area abbandonata in un giardino modello adatto da 0 a 99 anni; il cantiere appena avviato in via Fratelli Bandiera, con la pedonalizzazione, la messa in sicurezza del sottopasso e la nuova area cani.<\/p>\n<p>Poi c&#8217;\u00e8 l\u2019iniziativa \u201cPiazza Bengasi e dintorni: un progetto per la salute collettiva\u201d, in collaborazione con l\u2019ASL TO 5. Perch\u00e8 non vogliamo lasciare nessuno indietro, un segno concreto del nostro impegno per creare reti di supporto e collaborazione tra istituzioni, scuole e associazioni in un\u2019area cos\u00ec sensibile.<\/p>\n<p>Inoltre, i volontari, un gruppo di cittadini che hanno chiesto di prendersi cura del proprio borgo e che con la Citt\u00e0 hanno firmato un \u201cpatto di collaborazione civica\u201d per iniziative di animazione sociale e decoro urbano. Un tema, il decoro, che abbiamo affrontato anche rimuovendo l&#8217;isola ecologica di via Papa Giovanni, che era diventata simbolo di degrado e sporcizia (e stessa operazione stiamo per fare in Centro Storico).<\/p>\n<p>In questi anni abbiamo anche aumentato gli uomini e le donne della Polizia Locale, da 39 a 51, i mezzi a loro disposizione e realizzato la nuova caserma di strada Revigliasco. Oltre che aumentato le telecamere di controllo del territorio arrivando a 250 impianti di videosorveglianza.<\/p>\n<p>Ma nonostante tutti gli sforzi, la Sicurezza della nostra Citt\u00e0 \u00e8 ancora messa a rischio da comportamenti inaccettabili.<\/p>\n<p>Penso, per esempio, alla riapertura della piscina comunale: dopo anni di abbandono, abbiamo riqualificato anche lo spazio antistante la struttura, restituendo alla Comunit\u00e0 uno spazio pubblico bello da vivere. E invece, siamo sommersi di segnalazioni di vandalismi e disturbo della quiete pubblica della zona. Cos\u00ec come succede in Piazzale Aldo Moro: abbiamo eseguito i lavori di costruzione dell\u2019ascensore panoramico per renderlo una zona di passaggio e di accesso alla piazza Vittorio Emanuele, abbiamo alzato le barriere anti-suicidio, chiuso i varchi del parcheggio pluripiano. Ma anche qui, non si fermano i ritrovi notturni che agitano i residenti e lasciano, al loro passaggio, sporcizia e degrado. Che dire, inoltre, del nuovo giardino inclusivo di via Ada Negri, vandalizzato nella notte di Capodanno; oppure delle spaccate delle vetrine in Centro Storico e Corso Trieste. Un grande danno alla collettivit\u00e0 e ai commercianti, che ogni giorno alzano la serranda della loro attivit\u00e0.<\/p>\n<p>Come Amministrazione, continueremo a fare la nostra parte, sia in termine di controllo e repressione, sia realizzando spazi pi\u00f9 vivi ed accoglienti. Ma abbiamo bisogno che la rete delle Istituzioni e di Comunit\u00e0 faccia ancor pi\u00f9 squadra con noi&#8221;.<\/p>\n","protected":false},"excerpt":{"rendered":"","protected":false},"author":11,"featured_media":52702,"comment_status":"open","ping_status":"closed","sticky":false,"template":"","format":"standard","meta":[],"categories":[8],"tags":[],"news-destination":[],"news-source":[],"is_homepage":[581],"ta_other":[],"_links":{"self":[{"href":"https:\/\/www.ilmercoledi.news\/ilmercoledi\/news\/wp-json\/wp\/v2\/posts\/72344"}],"collection":[{"href":"https:\/\/www.ilmercoledi.news\/ilmercoledi\/news\/wp-json\/wp\/v2\/posts"}],"about":[{"href":"https:\/\/www.ilmercoledi.news\/ilmercoledi\/news\/wp-json\/wp\/v2\/types\/post"}],"author":[{"embeddable":true,"href":"https:\/\/www.ilmercoledi.news\/ilmercoledi\/news\/wp-json\/wp\/v2\/users\/11"}],"replies":[{"embeddable":true,"href":"https:\/\/www.ilmercoledi.news\/ilmercoledi\/news\/wp-json\/wp\/v2\/comments?post=72344"}],"version-history":[{"count":1,"href":"https:\/\/www.ilmercoledi.news\/ilmercoledi\/news\/wp-json\/wp\/v2\/posts\/72344\/revisions"}],"predecessor-version":[{"id":72345,"href":"https:\/\/www.ilmercoledi.news\/ilmercoledi\/news\/wp-json\/wp\/v2\/posts\/72344\/revisions\/72345"}],"wp:featuredmedia":[{"embeddable":true,"href":"https:\/\/www.ilmercoledi.news\/ilmercoledi\/news\/wp-json\/wp\/v2\/media\/52702"}],"wp:attachment":[{"href":"https:\/\/www.ilmercoledi.news\/ilmercoledi\/news\/wp-json\/wp\/v2\/media?parent=72344"}],"wp:term":[{"taxonomy":"category","embeddable":true,"href":"https:\/\/www.ilmercoledi.news\/ilmercoledi\/news\/wp-json\/wp\/v2\/categories?post=72344"},{"taxonomy":"post_tag","embeddable":true,"href":"https:\/\/www.ilmercoledi.news\/ilmercoledi\/news\/wp-json\/wp\/v2\/tags?post=72344"},{"taxonomy":"news-destination","embeddable":true,"href":"https:\/\/www.ilmercoledi.news\/ilmercoledi\/news\/wp-json\/wp\/v2\/news-destination?post=72344"},{"taxonomy":"news-source","embeddable":true,"href":"https:\/\/www.ilmercoledi.news\/ilmercoledi\/news\/wp-json\/wp\/v2\/news-source?post=72344"},{"taxonomy":"is_homepage","embeddable":true,"href":"https:\/\/www.ilmercoledi.news\/ilmercoledi\/news\/wp-json\/wp\/v2\/is_homepage?post=72344"},{"taxonomy":"ta_other","embeddable":true,"href":"https:\/\/www.ilmercoledi.news\/ilmercoledi\/news\/wp-json\/wp\/v2\/ta_other?post=72344"}],"curies":[{"name":"wp","href":"https:\/\/api.w.org\/{rel}","templated":true}]}}