{"id":72355,"date":"2025-02-10T07:51:21","date_gmt":"2025-02-10T06:51:21","guid":{"rendered":"https:\/\/euwps05.newsmemory.com\/ilmercoledi\/news\/2025\/02\/09\/nichelino-una-mostra-fotografica-dedicata-alla-citta\/"},"modified":"2025-02-10T07:52:42","modified_gmt":"2025-02-10T06:52:42","slug":"nichelino-una-mostra-fotografica-dedicata-alla-citta","status":"publish","type":"post","link":"https:\/\/www.ilmercoledi.news\/2025\/02\/10\/nichelino-una-mostra-fotografica-dedicata-alla-citta\/","title":{"rendered":"NICHELINO &#8211; Una mostra fotografica dedicata alla citt\u00e0"},"content":{"rendered":"<p>Alla biblioteca di Nichelino, marted\u00ec 11 febbraio, inaugurazione di una mostra fotografica tutta dedicata alla citt\u00e0. &#8220;NIchelino e dintorni&#8221; sar\u00e0 visitabile dalle 18 di marted\u00ec fino\u00a0\ud835\udc1a\ud835\udc25 \ud835\udfd1 \ud835\udc26\ud835\udc1a\ud835\udc2b\ud835\udc33\ud835\udc28 \ud835\udfd0\ud835\udfce\ud835\udfd0\ud835\udfd3. Un viaggio per immagini tra luoghi, eventi e momenti di vita cittadina, grazie agli scatti del \ud835\udc05\ud835\udc28\ud835\udc2d\ud835\udc28 \ud835\udc02\ud835\udc25\ud835\udc2e\ud835\udc1b \ud835\udfd2\ud835\udc02\ud835\udc25\ud835\udc22\ud835\udc1c\ud835\udc24 di Nichelino. Un&#8217;opportunit\u00e0 per riscoprire il territorio con uno sguardo nuovo e artistico.<\/p>\n<p>&nbsp;<\/p>\n<p>&nbsp;<\/p>\n","protected":false},"excerpt":{"rendered":"","protected":false},"author":11,"featured_media":2609,"comment_status":"open","ping_status":"closed","sticky":false,"template":"","format":"standard","meta":[],"categories":[8],"tags":[],"news-destination":[],"news-source":[],"is_homepage":[581],"ta_other":[],"_links":{"self":[{"href":"https:\/\/www.ilmercoledi.news\/ilmercoledi\/news\/wp-json\/wp\/v2\/posts\/72355"}],"collection":[{"href":"https:\/\/www.ilmercoledi.news\/ilmercoledi\/news\/wp-json\/wp\/v2\/posts"}],"about":[{"href":"https:\/\/www.ilmercoledi.news\/ilmercoledi\/news\/wp-json\/wp\/v2\/types\/post"}],"author":[{"embeddable":true,"href":"https:\/\/www.ilmercoledi.news\/ilmercoledi\/news\/wp-json\/wp\/v2\/users\/11"}],"replies":[{"embeddable":true,"href":"https:\/\/www.ilmercoledi.news\/ilmercoledi\/news\/wp-json\/wp\/v2\/comments?post=72355"}],"version-history":[{"count":1,"href":"https:\/\/www.ilmercoledi.news\/ilmercoledi\/news\/wp-json\/wp\/v2\/posts\/72355\/revisions"}],"predecessor-version":[{"id":72356,"href":"https:\/\/www.ilmercoledi.news\/ilmercoledi\/news\/wp-json\/wp\/v2\/posts\/72355\/revisions\/72356"}],"wp:featuredmedia":[{"embeddable":true,"href":"https:\/\/www.ilmercoledi.news\/ilmercoledi\/news\/wp-json\/wp\/v2\/media\/2609"}],"wp:attachment":[{"href":"https:\/\/www.ilmercoledi.news\/ilmercoledi\/news\/wp-json\/wp\/v2\/media?parent=72355"}],"wp:term":[{"taxonomy":"category","embeddable":true,"href":"https:\/\/www.ilmercoledi.news\/ilmercoledi\/news\/wp-json\/wp\/v2\/categories?post=72355"},{"taxonomy":"post_tag","embeddable":true,"href":"https:\/\/www.ilmercoledi.news\/ilmercoledi\/news\/wp-json\/wp\/v2\/tags?post=72355"},{"taxonomy":"news-destination","embeddable":true,"href":"https:\/\/www.ilmercoledi.news\/ilmercoledi\/news\/wp-json\/wp\/v2\/news-destination?post=72355"},{"taxonomy":"news-source","embeddable":true,"href":"https:\/\/www.ilmercoledi.news\/ilmercoledi\/news\/wp-json\/wp\/v2\/news-source?post=72355"},{"taxonomy":"is_homepage","embeddable":true,"href":"https:\/\/www.ilmercoledi.news\/ilmercoledi\/news\/wp-json\/wp\/v2\/is_homepage?post=72355"},{"taxonomy":"ta_other","embeddable":true,"href":"https:\/\/www.ilmercoledi.news\/ilmercoledi\/news\/wp-json\/wp\/v2\/ta_other?post=72355"}],"curies":[{"name":"wp","href":"https:\/\/api.w.org\/{rel}","templated":true}]}}