{"id":72364,"date":"2025-02-10T08:54:39","date_gmt":"2025-02-10T07:54:39","guid":{"rendered":"https:\/\/euwps06.newsmemory.com\/ilmercoledi\/news\/2025\/02\/10\/regione-lotta-al-bullismo-il-messaggio-del-garante-regionale-per-linfanzia-e-ladolescenza-ai-ragazzi\/"},"modified":"2025-02-10T08:55:43","modified_gmt":"2024-09-13T08:55:43","slug":"regione-lotta-al-bullismo-il-messaggio-del-garante-regionale-per-linfanzia-e-ladolescenza-ai-ragazzi","status":"publish","type":"post","link":"https:\/\/www.ilmercoledi.news\/2025\/02\/10\/regione-lotta-al-bullismo-il-messaggio-del-garante-regionale-per-linfanzia-e-ladolescenza-ai-ragazzi\/","title":{"rendered":"REGIONE &#8211; Lotta al bullismo, il messaggio del Garante regionale per l\u2019Infanzia e l\u2019Adolescenza ai ragazzi"},"content":{"rendered":"<p>In occasione della Giornata nazionale contro il bullismo e il cyberbullismoo, il Garante regionale per l\u2019Infanzia e l\u2019Adolescenza <strong>Giovanni Ravalli\u00a0<\/strong>ha indirizzato un messaggio alle ragazze e ai ragazzi piemontesi.<\/p>\n<p>Care ragazze e cari ragazzi,<\/p>\n<p>ormai da qualche anno il 7 febbraio si celebra la<strong>\u00a0Giornata nazionale contro il bullismo e il cyberbullismo<\/strong>. In questo periodo le istituzioni, e in particolare le scuole, sono invitate a riflettere e a fornire a voi studenti le ragioni per dire \u201cNO\u201d a ogni forma di prepotenza fisica o verbale, che lascia sempre delle conseguenze in chi la subisce: calo dell\u2019autostima, ansia, depressione e aggressivit\u00e0.<\/p>\n<p>Se vivete un malessere interiore, non esitate a chiedere aiuto: rivolgetevi ai vostri affetti pi\u00f9 cari, se necessario richiedete un sostegno psicologico. Chiedere aiuto \u00e8 il primo passo per iniziare a risolvere il problema. Un vecchio detto recita: \u201cIl dolore condiviso si dimezza\u201d.<\/p>\n<p>Ho passato gli ultimi 22 anni della mia vita lavorativa in classe, come docente. L\u2019esperienza mi dice che, oggi pi\u00f9 che mai, ogni giovane ha bisogno di poter contare su adulti di riferimento, su qualcuno a cui chiedere consiglio, con cui poter parlare liberamente senza la paura di essere giudicato, con la certezza di avere di fronte una persona che realmente gli vuole bene, che vuole\u00a0il suo\u00a0bene.<\/p>\n<p>Ognuno di noi ha bisogno di un orizzonte a cui guardare, di un senso che dia \u201cgusto\u201d alla vita. Il giovane torinese Pier Giorgio Frassati diceva: \u201cVivere senza un patrimonio da difendere, senza sostenere in una lotta continua la verit\u00e0, non \u00e8 vivere, ma vivacchiare\u201d.<\/p>\n<p>Se di fronte all\u2019immensit\u00e0 dello spazio e del tempo siamo poco pi\u00f9 che niente, a che vale la vita? Come scriveva Leopardi: \u201cChe vuol dir questa solitudine immensa? Ed io che sono?\u201d. Lasciatevi scuotere da queste domande. Cambiano le mode, avanza la tecnologia, ma il cuore dell\u2019uomo non cambia, ha sempre le stesse domande, ha sempre la stessa sete di verit\u00e0 e di bellezza.<\/p>\n<p>Cercate adulti come il professore del film L\u2019attimo fuggente: \u201cNon leggiamo e scriviamo poesie perch\u00e9 \u00e8 carino. Noi leggiamo e scriviamo poesie perch\u00e9 siamo membri della razza umana. E la razza umana \u00e8 piena di passione. (\u2026) La poesia, la bellezza, il romanticismo, l\u2019amore, sono queste le cose che ci tengono in vita\u201d.<\/p>\n<p>Concludo ricordandovi che il mondo cambia solo se noi cambiamo, il mondo migliora solo se noi miglioriamo. In fondo, tutti dovremmo lavorare per lasciarlo migliore di come lo abbiamo trovato. La strada del bene \u00e8 in salita e per camminare su questa nuova via non basta non commettere atti di violenza. Bisogna non aver paura di denunciare l\u2019ingiustizia, lavorare per rimuoverla, non temere di difendere i pi\u00f9 fragili, avvicinare chi, magari in classe, \u00e8 pi\u00f9 timido o escluso perch\u00e9 considerato \u201cdiverso\u201d: essere inclusivi non a parole ma nei fatti. Questo ci rende realmente umani.<\/p>\n","protected":false},"excerpt":{"rendered":"","protected":false},"author":11,"featured_media":15210,"comment_status":"open","ping_status":"closed","sticky":false,"template":"","format":"standard","meta":[],"categories":[8],"tags":[],"news-destination":[],"news-source":[],"is_homepage":[581],"ta_other":[],"_links":{"self":[{"href":"https:\/\/www.ilmercoledi.news\/ilmercoledi\/news\/wp-json\/wp\/v2\/posts\/72364"}],"collection":[{"href":"https:\/\/www.ilmercoledi.news\/ilmercoledi\/news\/wp-json\/wp\/v2\/posts"}],"about":[{"href":"https:\/\/www.ilmercoledi.news\/ilmercoledi\/news\/wp-json\/wp\/v2\/types\/post"}],"author":[{"embeddable":true,"href":"https:\/\/www.ilmercoledi.news\/ilmercoledi\/news\/wp-json\/wp\/v2\/users\/11"}],"replies":[{"embeddable":true,"href":"https:\/\/www.ilmercoledi.news\/ilmercoledi\/news\/wp-json\/wp\/v2\/comments?post=72364"}],"version-history":[{"count":1,"href":"https:\/\/www.ilmercoledi.news\/ilmercoledi\/news\/wp-json\/wp\/v2\/posts\/72364\/revisions"}],"predecessor-version":[{"id":72386,"href":"https:\/\/www.ilmercoledi.news\/ilmercoledi\/news\/wp-json\/wp\/v2\/posts\/72364\/revisions\/72386"}],"wp:featuredmedia":[{"embeddable":true,"href":"https:\/\/www.ilmercoledi.news\/ilmercoledi\/news\/wp-json\/wp\/v2\/media\/15210"}],"wp:attachment":[{"href":"https:\/\/www.ilmercoledi.news\/ilmercoledi\/news\/wp-json\/wp\/v2\/media?parent=72364"}],"wp:term":[{"taxonomy":"category","embeddable":true,"href":"https:\/\/www.ilmercoledi.news\/ilmercoledi\/news\/wp-json\/wp\/v2\/categories?post=72364"},{"taxonomy":"post_tag","embeddable":true,"href":"https:\/\/www.ilmercoledi.news\/ilmercoledi\/news\/wp-json\/wp\/v2\/tags?post=72364"},{"taxonomy":"news-destination","embeddable":true,"href":"https:\/\/www.ilmercoledi.news\/ilmercoledi\/news\/wp-json\/wp\/v2\/news-destination?post=72364"},{"taxonomy":"news-source","embeddable":true,"href":"https:\/\/www.ilmercoledi.news\/ilmercoledi\/news\/wp-json\/wp\/v2\/news-source?post=72364"},{"taxonomy":"is_homepage","embeddable":true,"href":"https:\/\/www.ilmercoledi.news\/ilmercoledi\/news\/wp-json\/wp\/v2\/is_homepage?post=72364"},{"taxonomy":"ta_other","embeddable":true,"href":"https:\/\/www.ilmercoledi.news\/ilmercoledi\/news\/wp-json\/wp\/v2\/ta_other?post=72364"}],"curies":[{"name":"wp","href":"https:\/\/api.w.org\/{rel}","templated":true}]}}