{"id":72368,"date":"2025-02-10T06:01:46","date_gmt":"2025-02-10T05:01:46","guid":{"rendered":"https:\/\/euwps05.newsmemory.com\/ilmercoledi\/news\/2025\/02\/10\/carmagnola-mario-moschetto-nuovo-presidente-cisa-31\/"},"modified":"2025-02-10T06:02:38","modified_gmt":"2025-02-10T05:02:38","slug":"carmagnola-mario-moschetto-nuovo-presidente-cisa-31","status":"publish","type":"post","link":"https:\/\/www.ilmercoledi.news\/2025\/02\/10\/carmagnola-mario-moschetto-nuovo-presidente-cisa-31\/","title":{"rendered":"CARMAGNOLA &#8211; Mario Moschetto nuovo presidente Cisa 31"},"content":{"rendered":"<p>Mario Moschietto \u00e9 il nuovo presidente del Cisa31. A decretarlo l\u2019assemblea dei sindaci presieduta dal primo cittadino di Carmagnola Ivana Gaveglio. Il nuovo presidente del Consiglio di amministrazione sostituir\u00e0 il dimissionario Franco Alberto. Mario Moschietto, nato a Giaveno nel 1955, ancora poco pi\u00f9 che bambino si \u00e8 trasferito con la famiglia a Pralormo, al confine tra il Pianalto e il Roero, dove vive tuttora. Nel 1980 si laurea in Veterinaria, ma in lui emerge pi\u00f9 forte la passione per la musica, che lo convince a insegnarla a scuola come professore per pi\u00f9 di vent\u2019anni. Mente poliedrica, ha coltivato molti interessi in campi diversi: dal settore ricettivo alla comunicazione, all\u2019amministrazione locale, che lo ha anche visto impegnato come sindaco nella sua Pralormo. Un\u2019altra sua passione \u00e8 la scrittura, che lo vede autore di varie opere, saggi e romanzi. La sua ultima creatura \u00e8 \u201cMicol\u201d (Echos), un\u2019avventura e allo stesso tempo una riflessione che si compie tra le due guerre nel Pianalto.<\/p>\n<p>&nbsp;<\/p>\n<p>&nbsp;<\/p>\n","protected":false},"excerpt":{"rendered":"","protected":false},"author":11,"featured_media":56129,"comment_status":"open","ping_status":"closed","sticky":false,"template":"","format":"standard","meta":[],"categories":[8],"tags":[],"news-destination":[],"news-source":[],"is_homepage":[581],"ta_other":[],"_links":{"self":[{"href":"https:\/\/www.ilmercoledi.news\/ilmercoledi\/news\/wp-json\/wp\/v2\/posts\/72368"}],"collection":[{"href":"https:\/\/www.ilmercoledi.news\/ilmercoledi\/news\/wp-json\/wp\/v2\/posts"}],"about":[{"href":"https:\/\/www.ilmercoledi.news\/ilmercoledi\/news\/wp-json\/wp\/v2\/types\/post"}],"author":[{"embeddable":true,"href":"https:\/\/www.ilmercoledi.news\/ilmercoledi\/news\/wp-json\/wp\/v2\/users\/11"}],"replies":[{"embeddable":true,"href":"https:\/\/www.ilmercoledi.news\/ilmercoledi\/news\/wp-json\/wp\/v2\/comments?post=72368"}],"version-history":[{"count":0,"href":"https:\/\/www.ilmercoledi.news\/ilmercoledi\/news\/wp-json\/wp\/v2\/posts\/72368\/revisions"}],"wp:featuredmedia":[{"embeddable":true,"href":"https:\/\/www.ilmercoledi.news\/ilmercoledi\/news\/wp-json\/wp\/v2\/media\/56129"}],"wp:attachment":[{"href":"https:\/\/www.ilmercoledi.news\/ilmercoledi\/news\/wp-json\/wp\/v2\/media?parent=72368"}],"wp:term":[{"taxonomy":"category","embeddable":true,"href":"https:\/\/www.ilmercoledi.news\/ilmercoledi\/news\/wp-json\/wp\/v2\/categories?post=72368"},{"taxonomy":"post_tag","embeddable":true,"href":"https:\/\/www.ilmercoledi.news\/ilmercoledi\/news\/wp-json\/wp\/v2\/tags?post=72368"},{"taxonomy":"news-destination","embeddable":true,"href":"https:\/\/www.ilmercoledi.news\/ilmercoledi\/news\/wp-json\/wp\/v2\/news-destination?post=72368"},{"taxonomy":"news-source","embeddable":true,"href":"https:\/\/www.ilmercoledi.news\/ilmercoledi\/news\/wp-json\/wp\/v2\/news-source?post=72368"},{"taxonomy":"is_homepage","embeddable":true,"href":"https:\/\/www.ilmercoledi.news\/ilmercoledi\/news\/wp-json\/wp\/v2\/is_homepage?post=72368"},{"taxonomy":"ta_other","embeddable":true,"href":"https:\/\/www.ilmercoledi.news\/ilmercoledi\/news\/wp-json\/wp\/v2\/ta_other?post=72368"}],"curies":[{"name":"wp","href":"https:\/\/api.w.org\/{rel}","templated":true}]}}