{"id":72395,"date":"2025-02-10T21:59:26","date_gmt":"2025-02-10T20:59:26","guid":{"rendered":"https:\/\/euwps06.newsmemory.com\/ilmercoledi\/news\/2025\/02\/10\/nichelino-dallufficio-di-presidenza-regionale-10mila-euro-per-il-carnevale\/"},"modified":"2025-02-10T21:59:29","modified_gmt":"2024-09-13T21:59:29","slug":"nichelino-dallufficio-di-presidenza-regionale-10mila-euro-per-il-carnevale","status":"publish","type":"post","link":"https:\/\/www.ilmercoledi.news\/2025\/02\/10\/nichelino-dallufficio-di-presidenza-regionale-10mila-euro-per-il-carnevale\/","title":{"rendered":"NICHELINO &#8211; Dall&#8217;ufficio di presidenza regionale 10mila euro per il carnevale"},"content":{"rendered":"<p>Per il carnevale di Nichelino 2025 un contributo importante arriva dalla Regione, attraverso l&#8217;ufficio di presidenza con l&#8217;intervento della consigliera regionale e comunale di Nichelino, Valentina Cera. La rappresentante di Avs ha infatti portato sul territorio 10mila euro, consentendo alla manifestazione di Nichelino e di poter essere ancora pi\u00f9 coinvolgente e importante nell&#8217;ottica della crescita culturale della citt\u00e0. Carnevale cittadino \u00e8 ormai diventato un appuntamento fisso nel panorama delle feste regionali.<\/p>\n","protected":false},"excerpt":{"rendered":"","protected":false},"author":11,"featured_media":51510,"comment_status":"open","ping_status":"closed","sticky":false,"template":"","format":"standard","meta":[],"categories":[8],"tags":[],"news-destination":[],"news-source":[],"is_homepage":[581],"ta_other":[],"_links":{"self":[{"href":"https:\/\/www.ilmercoledi.news\/ilmercoledi\/news\/wp-json\/wp\/v2\/posts\/72395"}],"collection":[{"href":"https:\/\/www.ilmercoledi.news\/ilmercoledi\/news\/wp-json\/wp\/v2\/posts"}],"about":[{"href":"https:\/\/www.ilmercoledi.news\/ilmercoledi\/news\/wp-json\/wp\/v2\/types\/post"}],"author":[{"embeddable":true,"href":"https:\/\/www.ilmercoledi.news\/ilmercoledi\/news\/wp-json\/wp\/v2\/users\/11"}],"replies":[{"embeddable":true,"href":"https:\/\/www.ilmercoledi.news\/ilmercoledi\/news\/wp-json\/wp\/v2\/comments?post=72395"}],"version-history":[{"count":0,"href":"https:\/\/www.ilmercoledi.news\/ilmercoledi\/news\/wp-json\/wp\/v2\/posts\/72395\/revisions"}],"wp:featuredmedia":[{"embeddable":true,"href":"https:\/\/www.ilmercoledi.news\/ilmercoledi\/news\/wp-json\/wp\/v2\/media\/51510"}],"wp:attachment":[{"href":"https:\/\/www.ilmercoledi.news\/ilmercoledi\/news\/wp-json\/wp\/v2\/media?parent=72395"}],"wp:term":[{"taxonomy":"category","embeddable":true,"href":"https:\/\/www.ilmercoledi.news\/ilmercoledi\/news\/wp-json\/wp\/v2\/categories?post=72395"},{"taxonomy":"post_tag","embeddable":true,"href":"https:\/\/www.ilmercoledi.news\/ilmercoledi\/news\/wp-json\/wp\/v2\/tags?post=72395"},{"taxonomy":"news-destination","embeddable":true,"href":"https:\/\/www.ilmercoledi.news\/ilmercoledi\/news\/wp-json\/wp\/v2\/news-destination?post=72395"},{"taxonomy":"news-source","embeddable":true,"href":"https:\/\/www.ilmercoledi.news\/ilmercoledi\/news\/wp-json\/wp\/v2\/news-source?post=72395"},{"taxonomy":"is_homepage","embeddable":true,"href":"https:\/\/www.ilmercoledi.news\/ilmercoledi\/news\/wp-json\/wp\/v2\/is_homepage?post=72395"},{"taxonomy":"ta_other","embeddable":true,"href":"https:\/\/www.ilmercoledi.news\/ilmercoledi\/news\/wp-json\/wp\/v2\/ta_other?post=72395"}],"curies":[{"name":"wp","href":"https:\/\/api.w.org\/{rel}","templated":true}]}}