{"id":72404,"date":"2025-02-11T07:15:44","date_gmt":"2025-02-11T06:15:44","guid":{"rendered":"https:\/\/euwps05.newsmemory.com\/ilmercoledi\/news\/2025\/02\/11\/moncalieri-per-centri-estivi-confermati-partner-operativi\/"},"modified":"2025-02-11T07:16:34","modified_gmt":"2025-02-11T06:16:34","slug":"moncalieri-per-centri-estivi-confermati-partner-operativi","status":"publish","type":"post","link":"https:\/\/www.ilmercoledi.news\/2025\/02\/11\/moncalieri-per-centri-estivi-confermati-partner-operativi\/","title":{"rendered":"MONCALIERI &#8211; Per i centri estivi confermati i partner operativi"},"content":{"rendered":"<p>L\u2019amministrazione comunale ha da sempre valorizzato e sostenuto il servizio offerto dalle Associazioni e altri soggetti del territorio comunale che organizzano attivit\u00e0 estive rivolte a bambine\/i e ragazze\/i, riconoscendo, nelle iniziative programmate durante lo spazio lasciato vuoto dal tempo scuola, una modalit\u00e0 sussidiaria di realizzazione di iniziative di pubblica utilit\u00e0 per la collettivit\u00e0 nel rispetto dei principi di efficacia, efficienza ed economicit\u00e0 della pubblica amministrazione. La volont\u00e0 dell\u2019Amministrazione \u00e8 quella di garantire le attivit\u00e0 estive inerenti l\u2019estate ragazzi sul territorio moncalierese secondo un modello organizzativo volto a promuovere la valorizzazione del patrimonio e la ricchezza del tessuto cittadino, favorendo l\u2019autonoma iniziativa delle realt\u00e0 associative presenti sul territorio, sulla base del principio di sussidiariet\u00e0 e garantendo un\u2019offerta educativa ampia e differenziata. Gli enti\/soggetti gi\u00e0 accreditati devono procedere a confermare il proprio accreditamento per l\u2019anno 2025 compilando entro le ore 23:59 del 15 aprile i moduli che si possono trovare sul sito del comune.<\/p>\n","protected":false},"excerpt":{"rendered":"","protected":false},"author":11,"featured_media":39517,"comment_status":"open","ping_status":"closed","sticky":false,"template":"","format":"standard","meta":[],"categories":[8],"tags":[],"news-destination":[],"news-source":[],"is_homepage":[581],"ta_other":[],"_links":{"self":[{"href":"https:\/\/www.ilmercoledi.news\/ilmercoledi\/news\/wp-json\/wp\/v2\/posts\/72404"}],"collection":[{"href":"https:\/\/www.ilmercoledi.news\/ilmercoledi\/news\/wp-json\/wp\/v2\/posts"}],"about":[{"href":"https:\/\/www.ilmercoledi.news\/ilmercoledi\/news\/wp-json\/wp\/v2\/types\/post"}],"author":[{"embeddable":true,"href":"https:\/\/www.ilmercoledi.news\/ilmercoledi\/news\/wp-json\/wp\/v2\/users\/11"}],"replies":[{"embeddable":true,"href":"https:\/\/www.ilmercoledi.news\/ilmercoledi\/news\/wp-json\/wp\/v2\/comments?post=72404"}],"version-history":[{"count":0,"href":"https:\/\/www.ilmercoledi.news\/ilmercoledi\/news\/wp-json\/wp\/v2\/posts\/72404\/revisions"}],"wp:featuredmedia":[{"embeddable":true,"href":"https:\/\/www.ilmercoledi.news\/ilmercoledi\/news\/wp-json\/wp\/v2\/media\/39517"}],"wp:attachment":[{"href":"https:\/\/www.ilmercoledi.news\/ilmercoledi\/news\/wp-json\/wp\/v2\/media?parent=72404"}],"wp:term":[{"taxonomy":"category","embeddable":true,"href":"https:\/\/www.ilmercoledi.news\/ilmercoledi\/news\/wp-json\/wp\/v2\/categories?post=72404"},{"taxonomy":"post_tag","embeddable":true,"href":"https:\/\/www.ilmercoledi.news\/ilmercoledi\/news\/wp-json\/wp\/v2\/tags?post=72404"},{"taxonomy":"news-destination","embeddable":true,"href":"https:\/\/www.ilmercoledi.news\/ilmercoledi\/news\/wp-json\/wp\/v2\/news-destination?post=72404"},{"taxonomy":"news-source","embeddable":true,"href":"https:\/\/www.ilmercoledi.news\/ilmercoledi\/news\/wp-json\/wp\/v2\/news-source?post=72404"},{"taxonomy":"is_homepage","embeddable":true,"href":"https:\/\/www.ilmercoledi.news\/ilmercoledi\/news\/wp-json\/wp\/v2\/is_homepage?post=72404"},{"taxonomy":"ta_other","embeddable":true,"href":"https:\/\/www.ilmercoledi.news\/ilmercoledi\/news\/wp-json\/wp\/v2\/ta_other?post=72404"}],"curies":[{"name":"wp","href":"https:\/\/api.w.org\/{rel}","templated":true}]}}