{"id":72411,"date":"2025-02-11T07:38:58","date_gmt":"2025-02-11T06:38:58","guid":{"rendered":"https:\/\/euwps05.newsmemory.com\/ilmercoledi\/news\/2025\/02\/11\/candiolo-nuovo-comandante-alla-polizia-locale\/"},"modified":"2025-02-11T07:39:05","modified_gmt":"2025-02-11T06:39:05","slug":"candiolo-nuovo-comandante-alla-polizia-locale","status":"publish","type":"post","link":"https:\/\/www.ilmercoledi.news\/2025\/02\/11\/candiolo-nuovo-comandante-alla-polizia-locale\/","title":{"rendered":"CANDIOLO &#8211; Nuovo comandante alla polizia locale"},"content":{"rendered":"<p>Nuovo Comandante della Polizia Municipale di Candiolo.<\/p>\n<p>Molti gi\u00e0 lo conoscono, \u00e8 in servizio a Candiolo dal gennaio 2009 ed \u00e8 cresciuto, professionalmente parlando, nel gruppo guidato, fino a pochi giorni fa, dal Comandante Bruno Pavia e al fianco dei colleghi che continueranno, adesso, ad affiancare lui in questo nuovo ruolo.<\/p>\n<p>Si tratta del Comandante Andrea Sarra che guider\u00e0 il Corpo di Polizia Municipale.<\/p>\n","protected":false},"excerpt":{"rendered":"","protected":false},"author":11,"featured_media":72410,"comment_status":"open","ping_status":"closed","sticky":false,"template":"","format":"standard","meta":[],"categories":[8],"tags":[],"news-destination":[],"news-source":[],"is_homepage":[581],"ta_other":[],"_links":{"self":[{"href":"https:\/\/www.ilmercoledi.news\/ilmercoledi\/news\/wp-json\/wp\/v2\/posts\/72411"}],"collection":[{"href":"https:\/\/www.ilmercoledi.news\/ilmercoledi\/news\/wp-json\/wp\/v2\/posts"}],"about":[{"href":"https:\/\/www.ilmercoledi.news\/ilmercoledi\/news\/wp-json\/wp\/v2\/types\/post"}],"author":[{"embeddable":true,"href":"https:\/\/www.ilmercoledi.news\/ilmercoledi\/news\/wp-json\/wp\/v2\/users\/11"}],"replies":[{"embeddable":true,"href":"https:\/\/www.ilmercoledi.news\/ilmercoledi\/news\/wp-json\/wp\/v2\/comments?post=72411"}],"version-history":[{"count":0,"href":"https:\/\/www.ilmercoledi.news\/ilmercoledi\/news\/wp-json\/wp\/v2\/posts\/72411\/revisions"}],"wp:featuredmedia":[{"embeddable":true,"href":"https:\/\/www.ilmercoledi.news\/ilmercoledi\/news\/wp-json\/wp\/v2\/media\/72410"}],"wp:attachment":[{"href":"https:\/\/www.ilmercoledi.news\/ilmercoledi\/news\/wp-json\/wp\/v2\/media?parent=72411"}],"wp:term":[{"taxonomy":"category","embeddable":true,"href":"https:\/\/www.ilmercoledi.news\/ilmercoledi\/news\/wp-json\/wp\/v2\/categories?post=72411"},{"taxonomy":"post_tag","embeddable":true,"href":"https:\/\/www.ilmercoledi.news\/ilmercoledi\/news\/wp-json\/wp\/v2\/tags?post=72411"},{"taxonomy":"news-destination","embeddable":true,"href":"https:\/\/www.ilmercoledi.news\/ilmercoledi\/news\/wp-json\/wp\/v2\/news-destination?post=72411"},{"taxonomy":"news-source","embeddable":true,"href":"https:\/\/www.ilmercoledi.news\/ilmercoledi\/news\/wp-json\/wp\/v2\/news-source?post=72411"},{"taxonomy":"is_homepage","embeddable":true,"href":"https:\/\/www.ilmercoledi.news\/ilmercoledi\/news\/wp-json\/wp\/v2\/is_homepage?post=72411"},{"taxonomy":"ta_other","embeddable":true,"href":"https:\/\/www.ilmercoledi.news\/ilmercoledi\/news\/wp-json\/wp\/v2\/ta_other?post=72411"}],"curies":[{"name":"wp","href":"https:\/\/api.w.org\/{rel}","templated":true}]}}