{"id":72428,"date":"2025-02-12T06:55:43","date_gmt":"2025-02-12T05:55:43","guid":{"rendered":"https:\/\/euwps05.newsmemory.com\/ilmercoledi\/news\/2025\/02\/12\/moncalieri-incontro-alla-famija-per-parlare-di-immobili\/"},"modified":"2025-02-12T06:56:54","modified_gmt":"2025-02-12T05:56:54","slug":"moncalieri-incontro-alla-famija-per-parlare-di-immobili","status":"publish","type":"post","link":"https:\/\/www.ilmercoledi.news\/2025\/02\/12\/moncalieri-incontro-alla-famija-per-parlare-di-immobili\/","title":{"rendered":"MONCALIERI &#8211; Incontro alla Famija per parlare di immobili"},"content":{"rendered":"<p>\u00abIl tuo immobile \u00e8 ancora un bene strategico? \u00bb \u00e8 il titolo della conferenza organizzata dal Team Zucconelli che si svolger\u00e0 gioved\u00ec 13 febbraio, alle ore 18, alla Famija Moncalereisa, in via Alfieri 40. A questo interrogativo daranno una risposta tre qualificati professionisti: Ivano Zucconelli, consulente finanziario e patrimoniale; Franco Scancarello, avvocato civilista, Roberto Giacotto, broker assicurativo. Chi \u00e8 interessato a partecipare pu\u00f2 prenotarsi telefonando al n. 3519779986.<\/p>\n","protected":false},"excerpt":{"rendered":"","protected":false},"author":11,"featured_media":56991,"comment_status":"open","ping_status":"closed","sticky":false,"template":"","format":"standard","meta":[],"categories":[8],"tags":[],"news-destination":[],"news-source":[],"is_homepage":[581],"ta_other":[],"_links":{"self":[{"href":"https:\/\/www.ilmercoledi.news\/ilmercoledi\/news\/wp-json\/wp\/v2\/posts\/72428"}],"collection":[{"href":"https:\/\/www.ilmercoledi.news\/ilmercoledi\/news\/wp-json\/wp\/v2\/posts"}],"about":[{"href":"https:\/\/www.ilmercoledi.news\/ilmercoledi\/news\/wp-json\/wp\/v2\/types\/post"}],"author":[{"embeddable":true,"href":"https:\/\/www.ilmercoledi.news\/ilmercoledi\/news\/wp-json\/wp\/v2\/users\/11"}],"replies":[{"embeddable":true,"href":"https:\/\/www.ilmercoledi.news\/ilmercoledi\/news\/wp-json\/wp\/v2\/comments?post=72428"}],"version-history":[{"count":0,"href":"https:\/\/www.ilmercoledi.news\/ilmercoledi\/news\/wp-json\/wp\/v2\/posts\/72428\/revisions"}],"wp:featuredmedia":[{"embeddable":true,"href":"https:\/\/www.ilmercoledi.news\/ilmercoledi\/news\/wp-json\/wp\/v2\/media\/56991"}],"wp:attachment":[{"href":"https:\/\/www.ilmercoledi.news\/ilmercoledi\/news\/wp-json\/wp\/v2\/media?parent=72428"}],"wp:term":[{"taxonomy":"category","embeddable":true,"href":"https:\/\/www.ilmercoledi.news\/ilmercoledi\/news\/wp-json\/wp\/v2\/categories?post=72428"},{"taxonomy":"post_tag","embeddable":true,"href":"https:\/\/www.ilmercoledi.news\/ilmercoledi\/news\/wp-json\/wp\/v2\/tags?post=72428"},{"taxonomy":"news-destination","embeddable":true,"href":"https:\/\/www.ilmercoledi.news\/ilmercoledi\/news\/wp-json\/wp\/v2\/news-destination?post=72428"},{"taxonomy":"news-source","embeddable":true,"href":"https:\/\/www.ilmercoledi.news\/ilmercoledi\/news\/wp-json\/wp\/v2\/news-source?post=72428"},{"taxonomy":"is_homepage","embeddable":true,"href":"https:\/\/www.ilmercoledi.news\/ilmercoledi\/news\/wp-json\/wp\/v2\/is_homepage?post=72428"},{"taxonomy":"ta_other","embeddable":true,"href":"https:\/\/www.ilmercoledi.news\/ilmercoledi\/news\/wp-json\/wp\/v2\/ta_other?post=72428"}],"curies":[{"name":"wp","href":"https:\/\/api.w.org\/{rel}","templated":true}]}}