{"id":72459,"date":"2025-02-13T07:14:14","date_gmt":"2025-02-13T06:14:14","guid":{"rendered":"https:\/\/euwps06.newsmemory.com\/ilmercoledi\/news\/2025\/02\/13\/carmagnola-comune-mette-affitto-alcuni-terreni\/"},"modified":"2025-02-13T07:14:17","modified_gmt":"2024-09-16T07:14:17","slug":"carmagnola-comune-mette-affitto-alcuni-terreni","status":"publish","type":"post","link":"https:\/\/www.ilmercoledi.news\/2025\/02\/13\/carmagnola-comune-mette-affitto-alcuni-terreni\/","title":{"rendered":"CARMAGNOLA &#8211; Comune mette in affitto alcuni terreni"},"content":{"rendered":"<p>il Comune di Carmagnola \u00e8 proprietario di alcuni terreni sui quali \u00e8 prevista, in massima parte, la realizzazione di interventi volti al soddisfacimento di finalit\u00e0 pubbliche. Al momento per tali terreni non trova applicazione la realizzazione di opere pubbliche e pertanto il comune ha deciso di metterli in affitto tramite asta pubblica. Il conduttore aveva l&#8217;obbligo di mantenere il terreno in stato decoroso e il comune avr\u00e0 il diritto di recedere in ogni momento dal contratto di affitto qualora le necessit\u00e0 di opere pubbliche sopraggiungessero. Terreni verranno affittati per quattro anni. L&#8217;elenco degli apprezzamenti disponibili Si trova sul sito comunale, si tratta di pezzi di terra dislocati in varie parti della citt\u00e0 come via Oselle, via Rubatto, via Ceresole, via Ceis, via Savonarola, via Marrucano, via Almese<\/p>\n","protected":false},"excerpt":{"rendered":"","protected":false},"author":11,"featured_media":17297,"comment_status":"open","ping_status":"closed","sticky":false,"template":"","format":"standard","meta":[],"categories":[8],"tags":[],"news-destination":[],"news-source":[],"is_homepage":[581],"ta_other":[],"_links":{"self":[{"href":"https:\/\/www.ilmercoledi.news\/ilmercoledi\/news\/wp-json\/wp\/v2\/posts\/72459"}],"collection":[{"href":"https:\/\/www.ilmercoledi.news\/ilmercoledi\/news\/wp-json\/wp\/v2\/posts"}],"about":[{"href":"https:\/\/www.ilmercoledi.news\/ilmercoledi\/news\/wp-json\/wp\/v2\/types\/post"}],"author":[{"embeddable":true,"href":"https:\/\/www.ilmercoledi.news\/ilmercoledi\/news\/wp-json\/wp\/v2\/users\/11"}],"replies":[{"embeddable":true,"href":"https:\/\/www.ilmercoledi.news\/ilmercoledi\/news\/wp-json\/wp\/v2\/comments?post=72459"}],"version-history":[{"count":1,"href":"https:\/\/www.ilmercoledi.news\/ilmercoledi\/news\/wp-json\/wp\/v2\/posts\/72459\/revisions"}],"predecessor-version":[{"id":72460,"href":"https:\/\/www.ilmercoledi.news\/ilmercoledi\/news\/wp-json\/wp\/v2\/posts\/72459\/revisions\/72460"}],"wp:featuredmedia":[{"embeddable":true,"href":"https:\/\/www.ilmercoledi.news\/ilmercoledi\/news\/wp-json\/wp\/v2\/media\/17297"}],"wp:attachment":[{"href":"https:\/\/www.ilmercoledi.news\/ilmercoledi\/news\/wp-json\/wp\/v2\/media?parent=72459"}],"wp:term":[{"taxonomy":"category","embeddable":true,"href":"https:\/\/www.ilmercoledi.news\/ilmercoledi\/news\/wp-json\/wp\/v2\/categories?post=72459"},{"taxonomy":"post_tag","embeddable":true,"href":"https:\/\/www.ilmercoledi.news\/ilmercoledi\/news\/wp-json\/wp\/v2\/tags?post=72459"},{"taxonomy":"news-destination","embeddable":true,"href":"https:\/\/www.ilmercoledi.news\/ilmercoledi\/news\/wp-json\/wp\/v2\/news-destination?post=72459"},{"taxonomy":"news-source","embeddable":true,"href":"https:\/\/www.ilmercoledi.news\/ilmercoledi\/news\/wp-json\/wp\/v2\/news-source?post=72459"},{"taxonomy":"is_homepage","embeddable":true,"href":"https:\/\/www.ilmercoledi.news\/ilmercoledi\/news\/wp-json\/wp\/v2\/is_homepage?post=72459"},{"taxonomy":"ta_other","embeddable":true,"href":"https:\/\/www.ilmercoledi.news\/ilmercoledi\/news\/wp-json\/wp\/v2\/ta_other?post=72459"}],"curies":[{"name":"wp","href":"https:\/\/api.w.org\/{rel}","templated":true}]}}