{"id":72461,"date":"2025-02-17T10:30:43","date_gmt":"2025-02-17T09:30:43","guid":{"rendered":"https:\/\/euwps05.newsmemory.com\/ilmercoledi\/news\/2025\/02\/16\/rifiuti-citta-metropolitana-di-torino-tra-le-zone-meno-care-del-paese\/"},"modified":"2025-02-17T22:22:49","modified_gmt":"2025-02-17T21:22:49","slug":"rifiuti-citta-metropolitana-di-torino-tra-le-zone-meno-care-del-paese","status":"publish","type":"post","link":"https:\/\/www.ilmercoledi.news\/2025\/02\/17\/rifiuti-citta-metropolitana-di-torino-tra-le-zone-meno-care-del-paese\/","title":{"rendered":"RIFIUTI &#8211; Citt\u00e0 Metropolitana di Torino tra le zone meno care del Paese"},"content":{"rendered":"<p>La Citt\u00e0 Metropolitana di Torino, con 357 euro di media, \u00e8 tra le zone meno care d&#8217;Italia per il pagamento della tassa rifiuti. Lo studio \u00e8 della Uil, che ha parametrato i costi della spazzatura agli abitanti e stilato una graduatoria tra le aree del paese pi\u00f9 e meno care.<\/p>\n<p>Il campione di riferimento \u00e8 quello relativo a un nucleo composto da 4 componenti con un\u2019abitazione di 80 mq e reddito Isee di 25.000 euro. Nelle citt\u00e0 in cui \u00e8 in vigore la tariffa puntuale (Tarip\/Taric) si sono considerati i cosiddetti \u201csvuotamenti minimi\u201d e le tariffe sono comprensive dell\u2019IVA al 10%. Inoltre, l\u2019analisi si basa sui dati delle delibere comunali sulle tariffe Tari (Dipartimento delle Finanze 2024) e sulle quote dei redditi netti familiari (Istat 2023, ultimo dato disponibile).<\/p>\n","protected":false},"excerpt":{"rendered":"","protected":false},"author":11,"featured_media":575,"comment_status":"open","ping_status":"closed","sticky":false,"template":"","format":"standard","meta":[],"categories":[8],"tags":[],"news-destination":[],"news-source":[],"is_homepage":[581],"ta_other":[],"_links":{"self":[{"href":"https:\/\/www.ilmercoledi.news\/ilmercoledi\/news\/wp-json\/wp\/v2\/posts\/72461"}],"collection":[{"href":"https:\/\/www.ilmercoledi.news\/ilmercoledi\/news\/wp-json\/wp\/v2\/posts"}],"about":[{"href":"https:\/\/www.ilmercoledi.news\/ilmercoledi\/news\/wp-json\/wp\/v2\/types\/post"}],"author":[{"embeddable":true,"href":"https:\/\/www.ilmercoledi.news\/ilmercoledi\/news\/wp-json\/wp\/v2\/users\/11"}],"replies":[{"embeddable":true,"href":"https:\/\/www.ilmercoledi.news\/ilmercoledi\/news\/wp-json\/wp\/v2\/comments?post=72461"}],"version-history":[{"count":1,"href":"https:\/\/www.ilmercoledi.news\/ilmercoledi\/news\/wp-json\/wp\/v2\/posts\/72461\/revisions"}],"predecessor-version":[{"id":72463,"href":"https:\/\/www.ilmercoledi.news\/ilmercoledi\/news\/wp-json\/wp\/v2\/posts\/72461\/revisions\/72463"}],"wp:featuredmedia":[{"embeddable":true,"href":"https:\/\/www.ilmercoledi.news\/ilmercoledi\/news\/wp-json\/wp\/v2\/media\/575"}],"wp:attachment":[{"href":"https:\/\/www.ilmercoledi.news\/ilmercoledi\/news\/wp-json\/wp\/v2\/media?parent=72461"}],"wp:term":[{"taxonomy":"category","embeddable":true,"href":"https:\/\/www.ilmercoledi.news\/ilmercoledi\/news\/wp-json\/wp\/v2\/categories?post=72461"},{"taxonomy":"post_tag","embeddable":true,"href":"https:\/\/www.ilmercoledi.news\/ilmercoledi\/news\/wp-json\/wp\/v2\/tags?post=72461"},{"taxonomy":"news-destination","embeddable":true,"href":"https:\/\/www.ilmercoledi.news\/ilmercoledi\/news\/wp-json\/wp\/v2\/news-destination?post=72461"},{"taxonomy":"news-source","embeddable":true,"href":"https:\/\/www.ilmercoledi.news\/ilmercoledi\/news\/wp-json\/wp\/v2\/news-source?post=72461"},{"taxonomy":"is_homepage","embeddable":true,"href":"https:\/\/www.ilmercoledi.news\/ilmercoledi\/news\/wp-json\/wp\/v2\/is_homepage?post=72461"},{"taxonomy":"ta_other","embeddable":true,"href":"https:\/\/www.ilmercoledi.news\/ilmercoledi\/news\/wp-json\/wp\/v2\/ta_other?post=72461"}],"curies":[{"name":"wp","href":"https:\/\/api.w.org\/{rel}","templated":true}]}}