{"id":72469,"date":"2025-02-17T10:34:26","date_gmt":"2025-02-17T09:34:26","guid":{"rendered":"https:\/\/euwps06.newsmemory.com\/ilmercoledi\/news\/2025\/02\/17\/agricoltura-migranti-coldiretti-quote-ingressi-per-lagricoltura-gia-bruciate-poche-ore-cosi-non-va\/"},"modified":"2025-02-17T10:41:31","modified_gmt":"2024-09-20T10:41:31","slug":"agricoltura-migranti-coldiretti-quote-ingressi-per-lagricoltura-gia-bruciate-poche-ore-cosi-non-va","status":"publish","type":"post","link":"https:\/\/www.ilmercoledi.news\/2025\/02\/17\/agricoltura-migranti-coldiretti-quote-ingressi-per-lagricoltura-gia-bruciate-poche-ore-cosi-non-va\/","title":{"rendered":"AGRICOLTURA &#8211; Migranti, Coldiretti: &#8216;Quote ingressi per l\u2019agricoltura gi\u00e0 \u201cbruciate\u201d, in poche ore. Cos\u00ec non va&#8217;"},"content":{"rendered":"<p>Si \u00e8 svolta il 12 febbraio la procedura nazionale del \u201cClick Day\u201d per consentire l\u2019ingresso a lavoratori stranieri per impieghi in agricoltura in vista dell\u2019annata agraria 2025. Anche quest\u2019anno le quote di ingressi si sono esaurite nello spazio di pochi minuti, senza peraltro la sicurezza che i lavoratori arrivino e siano effettivamente disponibili quando serve.<\/p>\n<p>\u00ab\u00c8 giunto il momento di superare una volta per tutte un meccanismo che non risponde n\u00e9 alle esigenze del mondo produttivo n\u00e9 alle legittime attese di chi cerca un impiego in agricoltura\u00bb\u00a0afferma Coldiretti nazionale dopo che il click day ha fatto registrare un overbooking per I 110mila \u201cposti\u201d previsti, nonostante lo slittamento di orario per le difficolt\u00e0 tecniche.<\/p>\n<p>\u00abUna situazione Kafkiana \u2013 osserva il direttore di Coldiretti Torino, Carlo Loffreda \u2013 Il meccanismo del Click Day rappresenta una procedura assurda che non soddisfa n\u00e9 il fabbisogno delle aziende di manodopera n\u00e9 i lavoratori stranieri stagionali che non hanno la certezza di una regolarit\u00e0 lavorativa. Come Coldiretti chiediamo che questo sia l\u2019ultimo Click Day e che si arrivi a una nuova procedura. La manodopera stagionale \u00e8 importante per l\u2019agricoltura torinese, in particolare per le produzioni orticole e frutticole\u00bb.<\/p>\n<p>\u00abA novembre \u2013 ricorda Loffreda &#8211; nel corso del convegno di Cavour \u201cL\u2019impresa agricola e i suoi salariati di fronte al valore del lavoro\u201d, le imprese agricole con Coldiretti Torino e gli uffici delle pastorali sociali delle Diocesi di Pinerolo e Torino avevano chiesto meccanismi di ingresso e di assunzione che garantiscano la certezza della continuit\u00e0 lavorativa necessaria ai lavoratori e alle aziende. Sono necessari meccanismi di welfare che permettano una stabilizzazione del lavoro stagionale negli anni e, soprattutto una formazione professionale adeguata per fare in modo che i lavoratori arrivino nei campi gi\u00e0 formati sulle prassi e sull\u2019utilizzo dei dispositivi anti infortunio e sulle regole contrattuali che definiscono i diritti ma anche i doveri del lavoratore nei confronti dell\u2019azienda\u00bb.<\/p>\n<p>Il primo problema del Click Day \u00e8 rappresentato dal fatto che non tutti gli occupati richiesti risultano poi effettivamente disponibili. Nel 2024, secondo una stima Coldiretti, della quota gestita direttamente dalle associazioni datoriali agricole ne era arrivato solo il 70%. Ma nel 2023 la percentuale era stata addirittura di appena 1\/3.<\/p>\n<p>Numeri che evidenziano come sia giunto il tempo di assumere una gestione diretta, sfruttando i passi importanti fatti con la revisione dell\u2019ultimo decreto flussi, con un maggiore coinvolgimento delle associazioni datoriali. In questo modo si andrebbero ad evitare i fenomeni fraudolenti e le infiltrazioni della criminalit\u00e0 organizzata. Ma serve lavorare anche sui consolati, dove tropo spesso si creano dei \u201ccolli di bottiglia\u201d sull\u2019invio delle domande, poi difficile da evadere in tempi brevi.<\/p>\n<p>Un passo importante \u00e8 arrivare a sanare le tante posizioni di irregolarit\u00e0, nate anche a causa delle anomalie e delle incertezze dei click day, con stagionali che hanno preso parte alle attivit\u00e0 di raccolta ma che non sono poi rientrati nei propri Paesi per evitare di perdere l\u2019opportunit\u00e0 di essere impiegati ancora. Una forza lavoro \u201csommersa\u201d che va ad alimentare il business delle agromafie e finisce vittima dei \u201ccaporali\u201d quando potrebbe essere messa in trasparenza, considerata la pressante richiesta di manodopera da parte delle aziende.<\/p>\n<p>Ma occorre soprattutto lavorare sulla formazione all\u2019estero. Coldiretti assieme a Filiera Italia, Organizzazione Internazionale per le Migrazioni (Oim) e E4Impact, ha gi\u00e0 messo in campo un progetto per la reperibilit\u00e0 di manodopera qualificata, partito da Egitto, Marocco e Costa d\u2019Avorio. L\u2019obiettivo \u00e8 formare i lavoratori direttamente nei Paesi d\u2019origine, superando l\u2019idea che l\u2019agricoltura abbia bisogno solo di braccianti, attraverso una formazione specialistica che punti a creare anche, ad esempio, piloti di droni o altre figure professionali capaci di padroneggiare gli strumenti di Agricoltura 4.0.<\/p>\n","protected":false},"excerpt":{"rendered":"","protected":false},"author":11,"featured_media":1982,"comment_status":"open","ping_status":"closed","sticky":false,"template":"","format":"standard","meta":[],"categories":[8],"tags":[],"news-destination":[],"news-source":[],"is_homepage":[581],"ta_other":[],"_links":{"self":[{"href":"https:\/\/www.ilmercoledi.news\/ilmercoledi\/news\/wp-json\/wp\/v2\/posts\/72469"}],"collection":[{"href":"https:\/\/www.ilmercoledi.news\/ilmercoledi\/news\/wp-json\/wp\/v2\/posts"}],"about":[{"href":"https:\/\/www.ilmercoledi.news\/ilmercoledi\/news\/wp-json\/wp\/v2\/types\/post"}],"author":[{"embeddable":true,"href":"https:\/\/www.ilmercoledi.news\/ilmercoledi\/news\/wp-json\/wp\/v2\/users\/11"}],"replies":[{"embeddable":true,"href":"https:\/\/www.ilmercoledi.news\/ilmercoledi\/news\/wp-json\/wp\/v2\/comments?post=72469"}],"version-history":[{"count":1,"href":"https:\/\/www.ilmercoledi.news\/ilmercoledi\/news\/wp-json\/wp\/v2\/posts\/72469\/revisions"}],"predecessor-version":[{"id":72482,"href":"https:\/\/www.ilmercoledi.news\/ilmercoledi\/news\/wp-json\/wp\/v2\/posts\/72469\/revisions\/72482"}],"wp:featuredmedia":[{"embeddable":true,"href":"https:\/\/www.ilmercoledi.news\/ilmercoledi\/news\/wp-json\/wp\/v2\/media\/1982"}],"wp:attachment":[{"href":"https:\/\/www.ilmercoledi.news\/ilmercoledi\/news\/wp-json\/wp\/v2\/media?parent=72469"}],"wp:term":[{"taxonomy":"category","embeddable":true,"href":"https:\/\/www.ilmercoledi.news\/ilmercoledi\/news\/wp-json\/wp\/v2\/categories?post=72469"},{"taxonomy":"post_tag","embeddable":true,"href":"https:\/\/www.ilmercoledi.news\/ilmercoledi\/news\/wp-json\/wp\/v2\/tags?post=72469"},{"taxonomy":"news-destination","embeddable":true,"href":"https:\/\/www.ilmercoledi.news\/ilmercoledi\/news\/wp-json\/wp\/v2\/news-destination?post=72469"},{"taxonomy":"news-source","embeddable":true,"href":"https:\/\/www.ilmercoledi.news\/ilmercoledi\/news\/wp-json\/wp\/v2\/news-source?post=72469"},{"taxonomy":"is_homepage","embeddable":true,"href":"https:\/\/www.ilmercoledi.news\/ilmercoledi\/news\/wp-json\/wp\/v2\/is_homepage?post=72469"},{"taxonomy":"ta_other","embeddable":true,"href":"https:\/\/www.ilmercoledi.news\/ilmercoledi\/news\/wp-json\/wp\/v2\/ta_other?post=72469"}],"curies":[{"name":"wp","href":"https:\/\/api.w.org\/{rel}","templated":true}]}}