{"id":72474,"date":"2025-02-17T10:49:21","date_gmt":"2025-02-17T09:49:21","guid":{"rendered":"https:\/\/euwps06.newsmemory.com\/ilmercoledi\/news\/2025\/02\/17\/moncalieri-la-magia-della-felicita-biblioteca-per-magic-days\/"},"modified":"2025-02-17T22:20:03","modified_gmt":"2024-09-20T22:20:03","slug":"moncalieri-la-magia-della-felicita-biblioteca-per-magic-days","status":"publish","type":"post","link":"https:\/\/www.ilmercoledi.news\/2025\/02\/17\/moncalieri-la-magia-della-felicita-biblioteca-per-magic-days\/","title":{"rendered":"MONCALIERI &#8211; La magia della felicit\u00e0 in biblioteca per i Magic Days"},"content":{"rendered":"<p>In occasione dei \ud835\udde0\ud835\uddd4\ud835\uddda\ud835\udddc\ud835\uddd6 \ud835\uddd7\ud835\uddd4\ud835\uddec\ud835\udde6 \ud835\udde0\ud835\udde2\ud835\udde1\ud835\uddd6\ud835\uddd4\ud835\udddf\ud835\udddc\ud835\uddd8\ud835\udde5\ud835\udddc \u2013 \ud835\udddc\ud835\uddf9 \ud835\uddea\ud835\uddf2\ud835\uddf2\ud835\uddf8\ud835\uddf2\ud835\uddfb\ud835\uddf1 \ud835\uddf1\ud835\uddf2\ud835\uddf9\ud835\uddf9\ud835\uddf2 \ud835\udde0\ud835\uddf2\ud835\uddff\ud835\uddee\ud835\ude03\ud835\uddf6\ud835\uddf4\ud835\uddf9\ud835\uddf6\ud835\uddf2, appuntamento con un evento imperdibile: una conferenza spettacolo con Walter Rolfo, un viaggio straordinario alla scoperta della magia della felicit\u00e0.<\/p>\n<p>\ud835\uddd8 \ud835\ude00\ud835\uddf2 \ud835\uddf9\ud835\uddee \ud835\uddf3\ud835\uddf2\ud835\uddf9\ud835\uddf6\ud835\uddf0\ud835\uddf6\ud835\ude01\ud835\uddee\u0300 \ud835\uddf3\ud835\uddfc\ud835\ude00\ud835\ude00\ud835\uddf2 \ud835\ude00\ud835\uddfc\ud835\uddf9\ud835\uddfc \ud835\ude02\ud835\uddfb\ud835\uddee \ud835\uddfe\ud835\ude02\ud835\uddf2\ud835\ude00\ud835\ude01\ud835\uddf6\ud835\uddfc\ud835\uddfb\ud835\uddf2 \ud835\uddf1\ud835\uddf6 \ud835\uddfd\ud835\uddff\ud835\uddfc\ud835\ude00\ud835\uddfd\ud835\uddf2\ud835\ude01\ud835\ude01\ud835\uddf6\ud835\ude03\ud835\uddee?<\/p>\n<p>Ingegnere della felicit\u00e0 e presidente del Campionato del Mondo di Magia, ci guider\u00e0 attraverso i segreti del pensiero laterale illusionistico e del problem solving magico, dimostrando come allenare la mente a vedere le opportunit\u00e0 anche nelle difficolt\u00e0.<\/p>\n<p>Appuntamento \ud835\udde0\ud835\uddf2\ud835\uddff\ud835\uddf0\ud835\uddfc\ud835\uddf9\ud835\uddf2\ud835\uddf1\ud835\uddf6\u0300 \ud835\udfed\ud835\udff5 \ud835\uddd9\ud835\uddf2\ud835\uddef\ud835\uddef\ud835\uddff\ud835\uddee\ud835\uddf6\ud835\uddfc \ud835\udde2\ud835\uddff\ud835\uddf2 \ud835\udfed\ud835\udff4:\ud835\udfec\ud835\udfec alla \ud835\uddd5\ud835\uddf6\ud835\uddef\ud835\uddf9\ud835\uddf6\ud835\uddfc\ud835\ude01\ud835\uddf2\ud835\uddf0\ud835\uddee \ud835\uddd6\ud835\uddf6\ud835\ude03\ud835\uddf6\ud835\uddf0\ud835\uddee \ud835\uddd4. \ud835\uddd4\ud835\uddff\ud835\uddf1\ud835\ude02\ud835\uddf6\ud835\uddfb\ud835\uddfc<\/p>\n<p>Chi \u00e8 Walter Rolfo? Ingegnere, psicologo, professore universitario, autore conduttore e produttore televisivo di Rai, Mediaset e Sky e appassionato di illusionismo. Docente al Politecnico di Torino e all\u2019Universit\u00e0 di Torino, dove insegna Ingegneria della Felicit\u00e0 e Personal Brandin, relatore ai prestigiosi TEDx Roma e WIRED Next Fes, fondatore e Presidente di Masters of Magic, azienda leader mondiale negli eventi e nella formazione basata sulla magia, presidente del Campionato Europeo di Magia FISMITALY2024 e del Campionato Mondiale di Magia FISMITALY2025 per la seconda volta (prima edizione 2015 &#8211; Rimini)<\/p>\n<p>Un evento che unisce creativit\u00e0, innovazione e razionalit\u00e0 del pensiero ingegneristico, per scoprire come cambiare la nostra percezione della realt\u00e0 e allenare la mente alla felicit\u00e0.<\/p>\n<p>L\u2019incontro sar\u00e0 presentato da \ud835\uddd4\ud835\uddfb\ud835\ude01\ud835\uddfc\ud835\uddfb\ud835\uddf2\ud835\uddf9\ud835\uddf9\ud835\uddee \ud835\udde3\ud835\uddee\ud835\uddff\ud835\uddf6\ud835\uddf4\ud835\uddf6, Assessora alla Cultura della Citt\u00e0 di Moncalieri.<\/p>\n<p>&nbsp;<\/p>\n<p>&nbsp;<\/p>\n","protected":false},"excerpt":{"rendered":"","protected":false},"author":11,"featured_media":19305,"comment_status":"open","ping_status":"closed","sticky":false,"template":"","format":"standard","meta":[],"categories":[8],"tags":[],"news-destination":[],"news-source":[],"is_homepage":[581],"ta_other":[],"_links":{"self":[{"href":"https:\/\/www.ilmercoledi.news\/ilmercoledi\/news\/wp-json\/wp\/v2\/posts\/72474"}],"collection":[{"href":"https:\/\/www.ilmercoledi.news\/ilmercoledi\/news\/wp-json\/wp\/v2\/posts"}],"about":[{"href":"https:\/\/www.ilmercoledi.news\/ilmercoledi\/news\/wp-json\/wp\/v2\/types\/post"}],"author":[{"embeddable":true,"href":"https:\/\/www.ilmercoledi.news\/ilmercoledi\/news\/wp-json\/wp\/v2\/users\/11"}],"replies":[{"embeddable":true,"href":"https:\/\/www.ilmercoledi.news\/ilmercoledi\/news\/wp-json\/wp\/v2\/comments?post=72474"}],"version-history":[{"count":1,"href":"https:\/\/www.ilmercoledi.news\/ilmercoledi\/news\/wp-json\/wp\/v2\/posts\/72474\/revisions"}],"predecessor-version":[{"id":72488,"href":"https:\/\/www.ilmercoledi.news\/ilmercoledi\/news\/wp-json\/wp\/v2\/posts\/72474\/revisions\/72488"}],"wp:featuredmedia":[{"embeddable":true,"href":"https:\/\/www.ilmercoledi.news\/ilmercoledi\/news\/wp-json\/wp\/v2\/media\/19305"}],"wp:attachment":[{"href":"https:\/\/www.ilmercoledi.news\/ilmercoledi\/news\/wp-json\/wp\/v2\/media?parent=72474"}],"wp:term":[{"taxonomy":"category","embeddable":true,"href":"https:\/\/www.ilmercoledi.news\/ilmercoledi\/news\/wp-json\/wp\/v2\/categories?post=72474"},{"taxonomy":"post_tag","embeddable":true,"href":"https:\/\/www.ilmercoledi.news\/ilmercoledi\/news\/wp-json\/wp\/v2\/tags?post=72474"},{"taxonomy":"news-destination","embeddable":true,"href":"https:\/\/www.ilmercoledi.news\/ilmercoledi\/news\/wp-json\/wp\/v2\/news-destination?post=72474"},{"taxonomy":"news-source","embeddable":true,"href":"https:\/\/www.ilmercoledi.news\/ilmercoledi\/news\/wp-json\/wp\/v2\/news-source?post=72474"},{"taxonomy":"is_homepage","embeddable":true,"href":"https:\/\/www.ilmercoledi.news\/ilmercoledi\/news\/wp-json\/wp\/v2\/is_homepage?post=72474"},{"taxonomy":"ta_other","embeddable":true,"href":"https:\/\/www.ilmercoledi.news\/ilmercoledi\/news\/wp-json\/wp\/v2\/ta_other?post=72474"}],"curies":[{"name":"wp","href":"https:\/\/api.w.org\/{rel}","templated":true}]}}