{"id":72508,"date":"2025-02-17T22:40:39","date_gmt":"2025-02-17T21:40:39","guid":{"rendered":"https:\/\/euwps06.newsmemory.com\/ilmercoledi\/news\/2025\/02\/17\/solidarieta-apidicarta-acquista-una-carrozzina-un-ragazzo-disabile\/"},"modified":"2025-02-18T07:20:06","modified_gmt":"2024-09-21T07:20:06","slug":"solidarieta-apidicarta-acquista-una-carrozzina-un-ragazzo-disabile","status":"publish","type":"post","link":"https:\/\/www.ilmercoledi.news\/2025\/02\/17\/solidarieta-apidicarta-acquista-una-carrozzina-un-ragazzo-disabile\/","title":{"rendered":"SOLIDARIET\u00c0 &#8211; ApidiCarta acquista una carrozzina a un ragazzo disabile"},"content":{"rendered":"<p>Grazie alla raccolta fondi organizzata da ApidiCarta APS, impegnata da anni nella promozione dell&#8217;inclusivit\u00e0 e del sostegno alle persone con disabilit\u00e0, Fabrizio Calza, giovane di 33 anni affetto da spina bifida ed ex atleta paralimpico, ha potuto acquistare una nuova carrozzina, dopo che la sua era stata rubata. Il furto della carrozzina ha rappresentato un momento difficile per Fabrizio, ma la risposta della comunit\u00e0, mobilitata grazie alla rete di solidariet\u00e0 attivata da ApidiCarta, ha permesso di raggiungere l&#8217;obiettivo in tempi brevi.<\/p>\n<p>La carrozzina acquistata non solo rappresenta un fondamentale strumento di mobilit\u00e0 quotidiana, ma \u00e8 anche dotata di una barra sotto la seduta che consente a Fabrizio di agganciarla a un propulsore elettrico, garantendogli cos\u00ec maggiore autonomia nei suoi spostamenti.<\/p>\n<p>\u201cUn uomo non \u00e8 mai cos\u00ec grande come quando si china ad aiutare un bambino\u201d \u00e8 il pensiero che Fabrizio ha voluto condividere in occasione della consegna della nuova carrozzina. E ha aggiunto: \u201cNon sono pi\u00f9 un bambino, ma sono commosso e incantato come loro nel ricevere cos\u00ec tanti gesti di solidariet\u00e0 in occasione di un episodio che mi ha condizionato molto. Scegliere di rubare una sedia a rotelle a un disabile \u00e8 un gesto indefinibile. Mi sono sentito escluso da tutto: dal lavoro, dalle amicizie, dai gesti quotidiani e dalla possibilit\u00e0 di scegliere autonomamente cosa fare&#8230; Gioved\u00ec pomeriggio ho ritirato la sedia a rotelle che ho potuto acquistare grazie ai fondi ricevuti in dono. Ho ritrovato la fiducia nel prossimo e ho toccato con mano che da un episodio gravissimo pu\u00f2 nascere una catena di solidariet\u00e0 commovente, che porter\u00f2 nel cuore a lungo. Oggi potr\u00f2 ricominciare a lavorare e la mia vita riprender\u00e0 il suo ritmo. Vi sono riconoscente per questo grande gesto che avete scelto di dedicarmi. Grazie!\u201d<\/p>\n<p>&#8220;Siamo molto felici del risultato raggiunto. Come sempre, quando c\u2019\u00e8 bisogno, le ApidiCarta si mettono in volo, e la solidariet\u00e0 arriva, puntuale, per rispondere a queste situazioni cos\u00ec difficili. Il caso di Fabrizio \u00e8 l&#8217;esempio tangibile di quanto l&#8217;aiuto reciproco e la rete di sostegno possano fare la differenza. Insieme, possiamo costruire un mondo pi\u00f9 inclusivo e unito. Grazie a tutti coloro che hanno contribuito!&#8221;, ha commentato la presidente di ApidiCarta Chiara Pelassa.<\/p>\n","protected":false},"excerpt":{"rendered":"","protected":false},"author":11,"featured_media":72506,"comment_status":"open","ping_status":"closed","sticky":false,"template":"","format":"standard","meta":[],"categories":[8],"tags":[],"news-destination":[],"news-source":[],"is_homepage":[581],"ta_other":[],"_links":{"self":[{"href":"https:\/\/www.ilmercoledi.news\/ilmercoledi\/news\/wp-json\/wp\/v2\/posts\/72508"}],"collection":[{"href":"https:\/\/www.ilmercoledi.news\/ilmercoledi\/news\/wp-json\/wp\/v2\/posts"}],"about":[{"href":"https:\/\/www.ilmercoledi.news\/ilmercoledi\/news\/wp-json\/wp\/v2\/types\/post"}],"author":[{"embeddable":true,"href":"https:\/\/www.ilmercoledi.news\/ilmercoledi\/news\/wp-json\/wp\/v2\/users\/11"}],"replies":[{"embeddable":true,"href":"https:\/\/www.ilmercoledi.news\/ilmercoledi\/news\/wp-json\/wp\/v2\/comments?post=72508"}],"version-history":[{"count":1,"href":"https:\/\/www.ilmercoledi.news\/ilmercoledi\/news\/wp-json\/wp\/v2\/posts\/72508\/revisions"}],"predecessor-version":[{"id":72509,"href":"https:\/\/www.ilmercoledi.news\/ilmercoledi\/news\/wp-json\/wp\/v2\/posts\/72508\/revisions\/72509"}],"wp:featuredmedia":[{"embeddable":true,"href":"https:\/\/www.ilmercoledi.news\/ilmercoledi\/news\/wp-json\/wp\/v2\/media\/72506"}],"wp:attachment":[{"href":"https:\/\/www.ilmercoledi.news\/ilmercoledi\/news\/wp-json\/wp\/v2\/media?parent=72508"}],"wp:term":[{"taxonomy":"category","embeddable":true,"href":"https:\/\/www.ilmercoledi.news\/ilmercoledi\/news\/wp-json\/wp\/v2\/categories?post=72508"},{"taxonomy":"post_tag","embeddable":true,"href":"https:\/\/www.ilmercoledi.news\/ilmercoledi\/news\/wp-json\/wp\/v2\/tags?post=72508"},{"taxonomy":"news-destination","embeddable":true,"href":"https:\/\/www.ilmercoledi.news\/ilmercoledi\/news\/wp-json\/wp\/v2\/news-destination?post=72508"},{"taxonomy":"news-source","embeddable":true,"href":"https:\/\/www.ilmercoledi.news\/ilmercoledi\/news\/wp-json\/wp\/v2\/news-source?post=72508"},{"taxonomy":"is_homepage","embeddable":true,"href":"https:\/\/www.ilmercoledi.news\/ilmercoledi\/news\/wp-json\/wp\/v2\/is_homepage?post=72508"},{"taxonomy":"ta_other","embeddable":true,"href":"https:\/\/www.ilmercoledi.news\/ilmercoledi\/news\/wp-json\/wp\/v2\/ta_other?post=72508"}],"curies":[{"name":"wp","href":"https:\/\/api.w.org\/{rel}","templated":true}]}}