{"id":72541,"date":"2025-02-19T08:48:30","date_gmt":"2025-02-19T07:48:30","guid":{"rendered":"https:\/\/euwps06.newsmemory.com\/ilmercoledi\/news\/2025\/02\/19\/vinovo-serata-di-scienza-con-il-neurobiologo-stefano-mancuso\/"},"modified":"2025-02-19T20:03:40","modified_gmt":"2024-09-22T20:03:40","slug":"vinovo-serata-di-scienza-con-il-neurobiologo-stefano-mancuso","status":"publish","type":"post","link":"https:\/\/www.ilmercoledi.news\/2025\/02\/19\/vinovo-serata-di-scienza-con-il-neurobiologo-stefano-mancuso\/","title":{"rendered":"VINOVO &#8211; Serata di scienza con il neurobiologo Stefano Mancuso"},"content":{"rendered":"<p>Un evento imperdibile per tutti gli appassionati di natura e scienza: il celebre neurobiologo vegetale Stefano Mancuso sar\u00e0 protagonista di una serata speciale all&#8217;Auditorium di Vinovo il prossimo mercoled\u00ec 19 marzo 2025 alle ore 20.45.<\/p>\n<p>Scienziato di fama internazionale e autore di numerosi saggi divulgativi, Mancuso \u00e8 tra le massime autorit\u00e0 mondiali impegnate nello studio delle piante, creature intelligenti e sensibili capaci di scegliere, imparare e ricordare.<\/p>\n<p>Durante l\u2019incontro verr\u00e0 presentato il suo ultimo lavoro, &#8220;La versione degli alberi&#8221;, un&#8217;avventura ecologica che riguarda il destino del nostro pianeta, e quindi di tutti noi; a seguire, Stefano Mancuso terr\u00e0 una conferenza adatta a un pubblico di adulti e ragazzi per parlare di temi cruciali come quello del cambiamento climatico, dell&#8217;importanza degli alberi, della necessit\u00e0 di un maggiore rispetto per la natura e dell\u2019impatto che ogni azione umana ha sugli ecosistemi e sulle altre specie, costrette ad evolversi per sopravvivere. Un viaggio interessante e necessario che coinvolge ciascuno di noi.<\/p>\n<p>Il suo intervento offrir\u00e0 spunti di riflessione fondamentali su ecologia, sostenibilit\u00e0 e coesistenza tra esseri umani e natura. Il pubblico avr\u00e0 l&#8217;opportunit\u00e0 di ascoltare un divulgatore di fama mondiale, che con i suoi libri e le sue ricerche ha contribuito a cambiare il modo in cui percepiamo il mondo vegetale.<\/p>\n","protected":false},"excerpt":{"rendered":"","protected":false},"author":11,"featured_media":13775,"comment_status":"open","ping_status":"closed","sticky":false,"template":"","format":"standard","meta":[],"categories":[8],"tags":[],"news-destination":[],"news-source":[],"is_homepage":[581],"ta_other":[],"_links":{"self":[{"href":"https:\/\/www.ilmercoledi.news\/ilmercoledi\/news\/wp-json\/wp\/v2\/posts\/72541"}],"collection":[{"href":"https:\/\/www.ilmercoledi.news\/ilmercoledi\/news\/wp-json\/wp\/v2\/posts"}],"about":[{"href":"https:\/\/www.ilmercoledi.news\/ilmercoledi\/news\/wp-json\/wp\/v2\/types\/post"}],"author":[{"embeddable":true,"href":"https:\/\/www.ilmercoledi.news\/ilmercoledi\/news\/wp-json\/wp\/v2\/users\/11"}],"replies":[{"embeddable":true,"href":"https:\/\/www.ilmercoledi.news\/ilmercoledi\/news\/wp-json\/wp\/v2\/comments?post=72541"}],"version-history":[{"count":1,"href":"https:\/\/www.ilmercoledi.news\/ilmercoledi\/news\/wp-json\/wp\/v2\/posts\/72541\/revisions"}],"predecessor-version":[{"id":72542,"href":"https:\/\/www.ilmercoledi.news\/ilmercoledi\/news\/wp-json\/wp\/v2\/posts\/72541\/revisions\/72542"}],"wp:featuredmedia":[{"embeddable":true,"href":"https:\/\/www.ilmercoledi.news\/ilmercoledi\/news\/wp-json\/wp\/v2\/media\/13775"}],"wp:attachment":[{"href":"https:\/\/www.ilmercoledi.news\/ilmercoledi\/news\/wp-json\/wp\/v2\/media?parent=72541"}],"wp:term":[{"taxonomy":"category","embeddable":true,"href":"https:\/\/www.ilmercoledi.news\/ilmercoledi\/news\/wp-json\/wp\/v2\/categories?post=72541"},{"taxonomy":"post_tag","embeddable":true,"href":"https:\/\/www.ilmercoledi.news\/ilmercoledi\/news\/wp-json\/wp\/v2\/tags?post=72541"},{"taxonomy":"news-destination","embeddable":true,"href":"https:\/\/www.ilmercoledi.news\/ilmercoledi\/news\/wp-json\/wp\/v2\/news-destination?post=72541"},{"taxonomy":"news-source","embeddable":true,"href":"https:\/\/www.ilmercoledi.news\/ilmercoledi\/news\/wp-json\/wp\/v2\/news-source?post=72541"},{"taxonomy":"is_homepage","embeddable":true,"href":"https:\/\/www.ilmercoledi.news\/ilmercoledi\/news\/wp-json\/wp\/v2\/is_homepage?post=72541"},{"taxonomy":"ta_other","embeddable":true,"href":"https:\/\/www.ilmercoledi.news\/ilmercoledi\/news\/wp-json\/wp\/v2\/ta_other?post=72541"}],"curies":[{"name":"wp","href":"https:\/\/api.w.org\/{rel}","templated":true}]}}