{"id":72583,"date":"2025-02-21T06:53:36","date_gmt":"2025-02-21T05:53:36","guid":{"rendered":"https:\/\/euwps06.newsmemory.com\/ilmercoledi\/news\/2025\/02\/21\/cambiano-mostra-fotografica-biblioteca\/"},"modified":"2025-02-21T06:53:39","modified_gmt":"2024-09-24T06:53:39","slug":"cambiano-mostra-fotografica-biblioteca","status":"publish","type":"post","link":"https:\/\/www.ilmercoledi.news\/2025\/02\/21\/cambiano-mostra-fotografica-biblioteca\/","title":{"rendered":"CAMBIANO &#8211; Mostra fotografica in biblioteca"},"content":{"rendered":"<p>Nell\u2019ambito della rassegna denominata \u00abLa lunga stagione dell\u2019arte cambianese\u00bb la biblioteca civica Jacomuzzi di via Lagrange ospiter\u00e0 un nuova mostra, questa volta fotografica. L\u2019inaugurazione \u00e8 fissata per sabato 22 febbraio, alle 15, nel salone conferenze del polo culturale dove saranno presenti anche gli scatti dell\u2019artista a cui l\u2019evento \u00e8 dedicato: Alessandro Accossato, che presenta le opera sotto il titolo Ogni donna ha la sua storia. La mostra sar\u00e0 visitabile fino al prossimo 15 marzo durante i normali orari di apertura della biblioteca. La rassegna \u00e8 curata dall\u2019assessore comunale Daniela Miron in collaborazione con lo staff bibliotecario e Santina Barbera.<\/p>\n","protected":false},"excerpt":{"rendered":"","protected":false},"author":11,"featured_media":3282,"comment_status":"open","ping_status":"closed","sticky":false,"template":"","format":"standard","meta":[],"categories":[8],"tags":[],"news-destination":[],"news-source":[],"is_homepage":[581],"ta_other":[],"_links":{"self":[{"href":"https:\/\/www.ilmercoledi.news\/ilmercoledi\/news\/wp-json\/wp\/v2\/posts\/72583"}],"collection":[{"href":"https:\/\/www.ilmercoledi.news\/ilmercoledi\/news\/wp-json\/wp\/v2\/posts"}],"about":[{"href":"https:\/\/www.ilmercoledi.news\/ilmercoledi\/news\/wp-json\/wp\/v2\/types\/post"}],"author":[{"embeddable":true,"href":"https:\/\/www.ilmercoledi.news\/ilmercoledi\/news\/wp-json\/wp\/v2\/users\/11"}],"replies":[{"embeddable":true,"href":"https:\/\/www.ilmercoledi.news\/ilmercoledi\/news\/wp-json\/wp\/v2\/comments?post=72583"}],"version-history":[{"count":0,"href":"https:\/\/www.ilmercoledi.news\/ilmercoledi\/news\/wp-json\/wp\/v2\/posts\/72583\/revisions"}],"wp:featuredmedia":[{"embeddable":true,"href":"https:\/\/www.ilmercoledi.news\/ilmercoledi\/news\/wp-json\/wp\/v2\/media\/3282"}],"wp:attachment":[{"href":"https:\/\/www.ilmercoledi.news\/ilmercoledi\/news\/wp-json\/wp\/v2\/media?parent=72583"}],"wp:term":[{"taxonomy":"category","embeddable":true,"href":"https:\/\/www.ilmercoledi.news\/ilmercoledi\/news\/wp-json\/wp\/v2\/categories?post=72583"},{"taxonomy":"post_tag","embeddable":true,"href":"https:\/\/www.ilmercoledi.news\/ilmercoledi\/news\/wp-json\/wp\/v2\/tags?post=72583"},{"taxonomy":"news-destination","embeddable":true,"href":"https:\/\/www.ilmercoledi.news\/ilmercoledi\/news\/wp-json\/wp\/v2\/news-destination?post=72583"},{"taxonomy":"news-source","embeddable":true,"href":"https:\/\/www.ilmercoledi.news\/ilmercoledi\/news\/wp-json\/wp\/v2\/news-source?post=72583"},{"taxonomy":"is_homepage","embeddable":true,"href":"https:\/\/www.ilmercoledi.news\/ilmercoledi\/news\/wp-json\/wp\/v2\/is_homepage?post=72583"},{"taxonomy":"ta_other","embeddable":true,"href":"https:\/\/www.ilmercoledi.news\/ilmercoledi\/news\/wp-json\/wp\/v2\/ta_other?post=72583"}],"curies":[{"name":"wp","href":"https:\/\/api.w.org\/{rel}","templated":true}]}}