{"id":72630,"date":"2025-02-25T07:06:50","date_gmt":"2025-02-25T06:06:50","guid":{"rendered":"https:\/\/euwps06.newsmemory.com\/ilmercoledi\/news\/2025\/02\/25\/carignano-molte-proteste-per-gli-orari-ridotti-asl\/"},"modified":"2025-02-25T07:06:53","modified_gmt":"2024-09-28T07:06:53","slug":"carignano-molte-proteste-per-gli-orari-ridotti-asl","status":"publish","type":"post","link":"https:\/\/www.ilmercoledi.news\/2025\/02\/25\/carignano-molte-proteste-per-gli-orari-ridotti-asl\/","title":{"rendered":"CARIGNANO &#8211; Molte proteste per gli orari ridotti in asl"},"content":{"rendered":"<p>Molte proteste per i nuovi orari del poliambulatorio dell\u2019Asl di via Cara de Canonica. Orari accorciati con quattro mattinate di apertura. Eliminato il gioved\u00ec pomeriggio. Un taglio al sistema salute che arriva proprio mentre a poche centinaia di metri di distanza sono in corso i lavori per la realizzazione dell\u2019ospedale e della casa di comunit\u00e0 che dovrebbero consnetire di potenziare i servizi sul territorio.<\/p>\n<p>&nbsp;<\/p>\n<p>In attesa della fine dei cantieri all\u2019ex ospedale, dal 4 febbraio sono stati diminuiti gli orari di apertura, con la struttura a disposizione del pubblico il luned\u00ec, marted\u00ec, gioved\u00ec e venerd\u00ec: per i prelievi dalle ore 7.30 alle 9; CUP, scelta e revoca, esenzioni, ecc. dalle 9 alle 11; ritiro referti dalle 11 alle 12.<\/p>\n","protected":false},"excerpt":{"rendered":"","protected":false},"author":11,"featured_media":2028,"comment_status":"open","ping_status":"closed","sticky":false,"template":"","format":"standard","meta":[],"categories":[8],"tags":[],"news-destination":[],"news-source":[],"is_homepage":[581],"ta_other":[],"_links":{"self":[{"href":"https:\/\/www.ilmercoledi.news\/ilmercoledi\/news\/wp-json\/wp\/v2\/posts\/72630"}],"collection":[{"href":"https:\/\/www.ilmercoledi.news\/ilmercoledi\/news\/wp-json\/wp\/v2\/posts"}],"about":[{"href":"https:\/\/www.ilmercoledi.news\/ilmercoledi\/news\/wp-json\/wp\/v2\/types\/post"}],"author":[{"embeddable":true,"href":"https:\/\/www.ilmercoledi.news\/ilmercoledi\/news\/wp-json\/wp\/v2\/users\/11"}],"replies":[{"embeddable":true,"href":"https:\/\/www.ilmercoledi.news\/ilmercoledi\/news\/wp-json\/wp\/v2\/comments?post=72630"}],"version-history":[{"count":0,"href":"https:\/\/www.ilmercoledi.news\/ilmercoledi\/news\/wp-json\/wp\/v2\/posts\/72630\/revisions"}],"wp:featuredmedia":[{"embeddable":true,"href":"https:\/\/www.ilmercoledi.news\/ilmercoledi\/news\/wp-json\/wp\/v2\/media\/2028"}],"wp:attachment":[{"href":"https:\/\/www.ilmercoledi.news\/ilmercoledi\/news\/wp-json\/wp\/v2\/media?parent=72630"}],"wp:term":[{"taxonomy":"category","embeddable":true,"href":"https:\/\/www.ilmercoledi.news\/ilmercoledi\/news\/wp-json\/wp\/v2\/categories?post=72630"},{"taxonomy":"post_tag","embeddable":true,"href":"https:\/\/www.ilmercoledi.news\/ilmercoledi\/news\/wp-json\/wp\/v2\/tags?post=72630"},{"taxonomy":"news-destination","embeddable":true,"href":"https:\/\/www.ilmercoledi.news\/ilmercoledi\/news\/wp-json\/wp\/v2\/news-destination?post=72630"},{"taxonomy":"news-source","embeddable":true,"href":"https:\/\/www.ilmercoledi.news\/ilmercoledi\/news\/wp-json\/wp\/v2\/news-source?post=72630"},{"taxonomy":"is_homepage","embeddable":true,"href":"https:\/\/www.ilmercoledi.news\/ilmercoledi\/news\/wp-json\/wp\/v2\/is_homepage?post=72630"},{"taxonomy":"ta_other","embeddable":true,"href":"https:\/\/www.ilmercoledi.news\/ilmercoledi\/news\/wp-json\/wp\/v2\/ta_other?post=72630"}],"curies":[{"name":"wp","href":"https:\/\/api.w.org\/{rel}","templated":true}]}}