{"id":72651,"date":"2025-02-25T22:04:01","date_gmt":"2025-02-25T21:04:01","guid":{"rendered":"https:\/\/euwps06.newsmemory.com\/ilmercoledi\/news\/2025\/02\/25\/villastellone-un-app-per-valorizzare-il-territorio\/"},"modified":"2025-02-25T22:04:04","modified_gmt":"2024-09-28T22:04:04","slug":"villastellone-un-app-per-valorizzare-il-territorio","status":"publish","type":"post","link":"https:\/\/www.ilmercoledi.news\/2025\/02\/25\/villastellone-un-app-per-valorizzare-il-territorio\/","title":{"rendered":"VILLASTELLONE &#8211; Un app per valorizzare il territorio"},"content":{"rendered":"<p>TabUi arriva a Villastellone: un&#8217;app per valorizzare il territorio<\/p>\n<p>A partire da questa settimana, un\u2019incaricata passer\u00e0 nei negozi per illustrare il funzionamento di tabUi, l\u2019app pensata per promuovere il turismo e valorizzare il territorio, a cui il nostro Comune ha aderito lo scorso gennaio.<\/p>\n<p>Grazie a questa piattaforma, cittadini e visitatori potranno scoprire con facilit\u00e0 monumenti, eventi, percorsi culturali, prodotti tipici, attivit\u00e0 commerciali e curiosit\u00e0 legate a Villastellone. Ogni attivit\u00e0 locale sar\u00e0 geolocalizzata e disporr\u00e0 di uno spazio dedicato con immagini e informazioni dettagliate, pertanto chiediamo di diffondere l\u2019informazione alle attivit\u00e0 associate.<\/p>\n<p>L\u2019Amministrazione Comunale ha scelto tabUi in sostituzione dell\u2019app Municipium, pi\u00f9 orientata a notizie e servizi, che resteranno comunque consultabili sul sito del Comune. L\u2019obiettivo \u00e8 promuovere le eccellenze di Villastellone attraverso uno strumento innovativo che unisce tradizione e tecnologia.<\/p>\n<p>Nata nelle Langhe e affermatasi a livello nazionale, tabUi \u00e8 oggi una delle app turistiche pi\u00f9 utilizzate, grazie alla sua semplicit\u00e0 d\u2019uso e ai contenuti sempre aggiornati. Un\u2019opportunit\u00e0 per rendere Villastellone ancora pi\u00f9 attrattiva, incentivando un turismo consapevole e di qualit\u00e0, a beneficio della crescita economica e sociale del territorio.<\/p>\n<p>Scarica l\u2019app tabUi tramite il QR code qui a fianco e scopri Villastellone in modo nuovo: tutto il meglio del nostro paese, a portata di mano.<\/p>\n","protected":false},"excerpt":{"rendered":"","protected":false},"author":11,"featured_media":1037,"comment_status":"open","ping_status":"closed","sticky":false,"template":"","format":"standard","meta":[],"categories":[8],"tags":[],"news-destination":[],"news-source":[],"is_homepage":[581],"ta_other":[],"_links":{"self":[{"href":"https:\/\/www.ilmercoledi.news\/ilmercoledi\/news\/wp-json\/wp\/v2\/posts\/72651"}],"collection":[{"href":"https:\/\/www.ilmercoledi.news\/ilmercoledi\/news\/wp-json\/wp\/v2\/posts"}],"about":[{"href":"https:\/\/www.ilmercoledi.news\/ilmercoledi\/news\/wp-json\/wp\/v2\/types\/post"}],"author":[{"embeddable":true,"href":"https:\/\/www.ilmercoledi.news\/ilmercoledi\/news\/wp-json\/wp\/v2\/users\/11"}],"replies":[{"embeddable":true,"href":"https:\/\/www.ilmercoledi.news\/ilmercoledi\/news\/wp-json\/wp\/v2\/comments?post=72651"}],"version-history":[{"count":0,"href":"https:\/\/www.ilmercoledi.news\/ilmercoledi\/news\/wp-json\/wp\/v2\/posts\/72651\/revisions"}],"wp:featuredmedia":[{"embeddable":true,"href":"https:\/\/www.ilmercoledi.news\/ilmercoledi\/news\/wp-json\/wp\/v2\/media\/1037"}],"wp:attachment":[{"href":"https:\/\/www.ilmercoledi.news\/ilmercoledi\/news\/wp-json\/wp\/v2\/media?parent=72651"}],"wp:term":[{"taxonomy":"category","embeddable":true,"href":"https:\/\/www.ilmercoledi.news\/ilmercoledi\/news\/wp-json\/wp\/v2\/categories?post=72651"},{"taxonomy":"post_tag","embeddable":true,"href":"https:\/\/www.ilmercoledi.news\/ilmercoledi\/news\/wp-json\/wp\/v2\/tags?post=72651"},{"taxonomy":"news-destination","embeddable":true,"href":"https:\/\/www.ilmercoledi.news\/ilmercoledi\/news\/wp-json\/wp\/v2\/news-destination?post=72651"},{"taxonomy":"news-source","embeddable":true,"href":"https:\/\/www.ilmercoledi.news\/ilmercoledi\/news\/wp-json\/wp\/v2\/news-source?post=72651"},{"taxonomy":"is_homepage","embeddable":true,"href":"https:\/\/www.ilmercoledi.news\/ilmercoledi\/news\/wp-json\/wp\/v2\/is_homepage?post=72651"},{"taxonomy":"ta_other","embeddable":true,"href":"https:\/\/www.ilmercoledi.news\/ilmercoledi\/news\/wp-json\/wp\/v2\/ta_other?post=72651"}],"curies":[{"name":"wp","href":"https:\/\/api.w.org\/{rel}","templated":true}]}}