{"id":72722,"date":"2025-02-27T22:47:20","date_gmt":"2025-02-27T21:47:20","guid":{"rendered":"https:\/\/euwps06.newsmemory.com\/ilmercoledi\/news\/2025\/02\/27\/stupinigi-martedi-grasso-palazzina\/"},"modified":"2025-02-27T22:47:23","modified_gmt":"2024-09-30T22:47:23","slug":"stupinigi-martedi-grasso-palazzina","status":"publish","type":"post","link":"https:\/\/www.ilmercoledi.news\/2025\/02\/27\/stupinigi-martedi-grasso-palazzina\/","title":{"rendered":"STUPINIGI &#8211; Marted\u00ec grasso in palazzina"},"content":{"rendered":"<p>Marted\u00ec Grasso in Palazzina. Marted\u00ec 4 marzo, ore 15, giochi, indovinelli e un ballo in maschera alla Palazzina di Caccia di Stupinigi.<\/p>\n<p>&nbsp;<\/p>\n<p>Per Carnevale, la Palazzina di Caccia di Stupinigi si trasforma in un posto in cui giocare, danzare e divertirsi. Per adulti e bambini sono in programma giochi, indovinelli, prove e un ballo in maschera nel Salone Centrale. L\u2019attivit\u00e0 \u00e8 a cura dei Servizi Educativi della Palazzina di Caccia di Stupinigi, in collaborazione con Artemista. Conduce Elena Maria Olivero, danza\/arteterapeuta ed operatrice culturale.<\/p>\n<p>&nbsp;<\/p>\n<p>Quota di partecipazione: 5 euro + biglietto di ingresso. Biglietto: intero 12 euro, ridotto 8 euro. Gratuito minori di 6 anni, possessori di Abbonamento Musei Torino Piemonte e Royal Card.<\/p>\n<p>&nbsp;<\/p>\n<p>Prenotazione obbligatoria entro il venerd\u00ec precedente l\u2019attivit\u00e0.<\/p>\n","protected":false},"excerpt":{"rendered":"","protected":false},"author":11,"featured_media":46889,"comment_status":"open","ping_status":"closed","sticky":false,"template":"","format":"standard","meta":[],"categories":[8],"tags":[],"news-destination":[],"news-source":[],"is_homepage":[581],"ta_other":[],"_links":{"self":[{"href":"https:\/\/www.ilmercoledi.news\/ilmercoledi\/news\/wp-json\/wp\/v2\/posts\/72722"}],"collection":[{"href":"https:\/\/www.ilmercoledi.news\/ilmercoledi\/news\/wp-json\/wp\/v2\/posts"}],"about":[{"href":"https:\/\/www.ilmercoledi.news\/ilmercoledi\/news\/wp-json\/wp\/v2\/types\/post"}],"author":[{"embeddable":true,"href":"https:\/\/www.ilmercoledi.news\/ilmercoledi\/news\/wp-json\/wp\/v2\/users\/11"}],"replies":[{"embeddable":true,"href":"https:\/\/www.ilmercoledi.news\/ilmercoledi\/news\/wp-json\/wp\/v2\/comments?post=72722"}],"version-history":[{"count":0,"href":"https:\/\/www.ilmercoledi.news\/ilmercoledi\/news\/wp-json\/wp\/v2\/posts\/72722\/revisions"}],"wp:featuredmedia":[{"embeddable":true,"href":"https:\/\/www.ilmercoledi.news\/ilmercoledi\/news\/wp-json\/wp\/v2\/media\/46889"}],"wp:attachment":[{"href":"https:\/\/www.ilmercoledi.news\/ilmercoledi\/news\/wp-json\/wp\/v2\/media?parent=72722"}],"wp:term":[{"taxonomy":"category","embeddable":true,"href":"https:\/\/www.ilmercoledi.news\/ilmercoledi\/news\/wp-json\/wp\/v2\/categories?post=72722"},{"taxonomy":"post_tag","embeddable":true,"href":"https:\/\/www.ilmercoledi.news\/ilmercoledi\/news\/wp-json\/wp\/v2\/tags?post=72722"},{"taxonomy":"news-destination","embeddable":true,"href":"https:\/\/www.ilmercoledi.news\/ilmercoledi\/news\/wp-json\/wp\/v2\/news-destination?post=72722"},{"taxonomy":"news-source","embeddable":true,"href":"https:\/\/www.ilmercoledi.news\/ilmercoledi\/news\/wp-json\/wp\/v2\/news-source?post=72722"},{"taxonomy":"is_homepage","embeddable":true,"href":"https:\/\/www.ilmercoledi.news\/ilmercoledi\/news\/wp-json\/wp\/v2\/is_homepage?post=72722"},{"taxonomy":"ta_other","embeddable":true,"href":"https:\/\/www.ilmercoledi.news\/ilmercoledi\/news\/wp-json\/wp\/v2\/ta_other?post=72722"}],"curies":[{"name":"wp","href":"https:\/\/api.w.org\/{rel}","templated":true}]}}