{"id":72776,"date":"2025-03-04T22:05:48","date_gmt":"2025-03-04T21:05:48","guid":{"rendered":"https:\/\/euwps06.newsmemory.com\/ilmercoledi\/news\/2025\/03\/04\/pecetto-terzo-appuntamento-con-il-sabato-dei-racconti\/"},"modified":"2025-03-04T22:05:51","modified_gmt":"2024-10-05T22:05:51","slug":"pecetto-terzo-appuntamento-con-il-sabato-dei-racconti","status":"publish","type":"post","link":"https:\/\/www.ilmercoledi.news\/2025\/03\/04\/pecetto-terzo-appuntamento-con-il-sabato-dei-racconti\/","title":{"rendered":"PECETTO &#8211; Terzo appuntamento con il sabato dei racconti"},"content":{"rendered":"<p>Terzo appuntamento del 2025, sabato 8 marzo, per &#8220;Il sabato dei racconti&#8221; in compagnia di Teatrulla, sempre alle ore 10,30.<\/p>\n<p>&nbsp;<\/p>\n<p>Ecco le altre date che ci accompagneranno verso la bella stagione:<\/p>\n<p>&nbsp;<\/p>\n<p>5 aprile<\/p>\n<p>10 maggio<\/p>\n<p>7 giugno<\/p>\n<p>&nbsp;<\/p>\n<p>Tante avventure in mezzo ai libri, per ridere e divertirsi in una sorta di gioco narrato fra le pagine della fantasia.<\/p>\n<p>L&#8217;attivit\u00e0 \u00e8 rivolta in particolare ai bambini dai 3 anni in su, ed \u00e8 ad ingresso libero e gratuito. Non occorre la prenotazione.<\/p>\n<p>&nbsp;<\/p>\n<p>L&#8217;attivit\u00e0 \u00e8 finanziata dal Comune di Pecetto e rientra nel progetto Nati per Leggere Piemonte sostenuto da Fondazione Compagnia di San Paolo.<\/p>\n<p>&nbsp;<\/p>\n<p>L&#8217;accesso alla biblioteca, a causa dei lavori in corso all&#8217;edificio, \u00e8 esclusivamente dal parco giochi di fianco alla chiesa.<\/p>\n","protected":false},"excerpt":{"rendered":"","protected":false},"author":11,"featured_media":11845,"comment_status":"open","ping_status":"closed","sticky":false,"template":"","format":"standard","meta":[],"categories":[8],"tags":[],"news-destination":[],"news-source":[],"is_homepage":[581],"ta_other":[],"_links":{"self":[{"href":"https:\/\/www.ilmercoledi.news\/ilmercoledi\/news\/wp-json\/wp\/v2\/posts\/72776"}],"collection":[{"href":"https:\/\/www.ilmercoledi.news\/ilmercoledi\/news\/wp-json\/wp\/v2\/posts"}],"about":[{"href":"https:\/\/www.ilmercoledi.news\/ilmercoledi\/news\/wp-json\/wp\/v2\/types\/post"}],"author":[{"embeddable":true,"href":"https:\/\/www.ilmercoledi.news\/ilmercoledi\/news\/wp-json\/wp\/v2\/users\/11"}],"replies":[{"embeddable":true,"href":"https:\/\/www.ilmercoledi.news\/ilmercoledi\/news\/wp-json\/wp\/v2\/comments?post=72776"}],"version-history":[{"count":0,"href":"https:\/\/www.ilmercoledi.news\/ilmercoledi\/news\/wp-json\/wp\/v2\/posts\/72776\/revisions"}],"wp:featuredmedia":[{"embeddable":true,"href":"https:\/\/www.ilmercoledi.news\/ilmercoledi\/news\/wp-json\/wp\/v2\/media\/11845"}],"wp:attachment":[{"href":"https:\/\/www.ilmercoledi.news\/ilmercoledi\/news\/wp-json\/wp\/v2\/media?parent=72776"}],"wp:term":[{"taxonomy":"category","embeddable":true,"href":"https:\/\/www.ilmercoledi.news\/ilmercoledi\/news\/wp-json\/wp\/v2\/categories?post=72776"},{"taxonomy":"post_tag","embeddable":true,"href":"https:\/\/www.ilmercoledi.news\/ilmercoledi\/news\/wp-json\/wp\/v2\/tags?post=72776"},{"taxonomy":"news-destination","embeddable":true,"href":"https:\/\/www.ilmercoledi.news\/ilmercoledi\/news\/wp-json\/wp\/v2\/news-destination?post=72776"},{"taxonomy":"news-source","embeddable":true,"href":"https:\/\/www.ilmercoledi.news\/ilmercoledi\/news\/wp-json\/wp\/v2\/news-source?post=72776"},{"taxonomy":"is_homepage","embeddable":true,"href":"https:\/\/www.ilmercoledi.news\/ilmercoledi\/news\/wp-json\/wp\/v2\/is_homepage?post=72776"},{"taxonomy":"ta_other","embeddable":true,"href":"https:\/\/www.ilmercoledi.news\/ilmercoledi\/news\/wp-json\/wp\/v2\/ta_other?post=72776"}],"curies":[{"name":"wp","href":"https:\/\/api.w.org\/{rel}","templated":true}]}}