{"id":72816,"date":"2025-03-06T06:51:04","date_gmt":"2025-03-06T05:51:04","guid":{"rendered":"https:\/\/euwps05.newsmemory.com\/ilmercoledi\/news\/2025\/03\/06\/pecetto-operativo-linfo-point-della-collina\/"},"modified":"2025-03-06T06:51:10","modified_gmt":"2025-03-06T05:51:10","slug":"pecetto-operativo-linfo-point-della-collina","status":"publish","type":"post","link":"https:\/\/www.ilmercoledi.news\/2025\/03\/06\/pecetto-operativo-linfo-point-della-collina\/","title":{"rendered":"PECETTO &#8211; Operativo l&#8217;Info Point della collina"},"content":{"rendered":"<p>Da questa settimana \u00e8 ufficialmente operativo l\u2019Infopoint escursionistico della collina a Pecetto, realizzato presso l\u2019AgriCoo-Pecetto di strada Sabena. Durante tutto l\u2019anno svolger\u00e0 attivit\u00e0 distributiva di materiale informativo e di cartine sui sentieri. Inoltre, su prenotazione, lo staff potr\u00e0 aiutare gli interessati a progettare trekking e escursioni lungo il Cammino Don Bosco oltre a fornire consulenza e accompagnamento. Il quartiere generale di tutto questo \u00e8 la casetta in legno realizzata nell\u2019appezzamento che circonda appunto la cooperativa agricola. E\u2019 stata costruita con un finanziamento ottenuto nell\u2019ambito del Programma di Sviluppo Rurale della Regione e al suo interno ospita anche la sede del sodalizio Agricampus dove tutti i mercoled\u00ec e gioved\u00ec, dalle 14.30 alle 16.30, si riunisce il \u201cgruppo di cammino\u201d. E poi ancora tutti i gioved\u00ec, domani compreso, 6 marzo, dalle 9 alle 12, si svolge il corso di escursionismo.<\/p>\n","protected":false},"excerpt":{"rendered":"","protected":false},"author":11,"featured_media":53402,"comment_status":"open","ping_status":"closed","sticky":false,"template":"","format":"standard","meta":[],"categories":[8],"tags":[],"news-destination":[],"news-source":[],"is_homepage":[581],"ta_other":[],"_links":{"self":[{"href":"https:\/\/www.ilmercoledi.news\/ilmercoledi\/news\/wp-json\/wp\/v2\/posts\/72816"}],"collection":[{"href":"https:\/\/www.ilmercoledi.news\/ilmercoledi\/news\/wp-json\/wp\/v2\/posts"}],"about":[{"href":"https:\/\/www.ilmercoledi.news\/ilmercoledi\/news\/wp-json\/wp\/v2\/types\/post"}],"author":[{"embeddable":true,"href":"https:\/\/www.ilmercoledi.news\/ilmercoledi\/news\/wp-json\/wp\/v2\/users\/11"}],"replies":[{"embeddable":true,"href":"https:\/\/www.ilmercoledi.news\/ilmercoledi\/news\/wp-json\/wp\/v2\/comments?post=72816"}],"version-history":[{"count":0,"href":"https:\/\/www.ilmercoledi.news\/ilmercoledi\/news\/wp-json\/wp\/v2\/posts\/72816\/revisions"}],"wp:featuredmedia":[{"embeddable":true,"href":"https:\/\/www.ilmercoledi.news\/ilmercoledi\/news\/wp-json\/wp\/v2\/media\/53402"}],"wp:attachment":[{"href":"https:\/\/www.ilmercoledi.news\/ilmercoledi\/news\/wp-json\/wp\/v2\/media?parent=72816"}],"wp:term":[{"taxonomy":"category","embeddable":true,"href":"https:\/\/www.ilmercoledi.news\/ilmercoledi\/news\/wp-json\/wp\/v2\/categories?post=72816"},{"taxonomy":"post_tag","embeddable":true,"href":"https:\/\/www.ilmercoledi.news\/ilmercoledi\/news\/wp-json\/wp\/v2\/tags?post=72816"},{"taxonomy":"news-destination","embeddable":true,"href":"https:\/\/www.ilmercoledi.news\/ilmercoledi\/news\/wp-json\/wp\/v2\/news-destination?post=72816"},{"taxonomy":"news-source","embeddable":true,"href":"https:\/\/www.ilmercoledi.news\/ilmercoledi\/news\/wp-json\/wp\/v2\/news-source?post=72816"},{"taxonomy":"is_homepage","embeddable":true,"href":"https:\/\/www.ilmercoledi.news\/ilmercoledi\/news\/wp-json\/wp\/v2\/is_homepage?post=72816"},{"taxonomy":"ta_other","embeddable":true,"href":"https:\/\/www.ilmercoledi.news\/ilmercoledi\/news\/wp-json\/wp\/v2\/ta_other?post=72816"}],"curies":[{"name":"wp","href":"https:\/\/api.w.org\/{rel}","templated":true}]}}