{"id":72818,"date":"2025-03-06T08:27:34","date_gmt":"2025-03-06T07:27:34","guid":{"rendered":"https:\/\/euwps05.newsmemory.com\/ilmercoledi\/news\/2025\/03\/06\/trofarello-l8-marzo-per-riflettere-sulla-donna-e-sulla-parita-di-genere\/"},"modified":"2025-03-06T08:28:12","modified_gmt":"2025-03-06T07:28:12","slug":"trofarello-l8-marzo-per-riflettere-sulla-donna-e-sulla-parita-di-genere","status":"publish","type":"post","link":"https:\/\/www.ilmercoledi.news\/2025\/03\/06\/trofarello-l8-marzo-per-riflettere-sulla-donna-e-sulla-parita-di-genere\/","title":{"rendered":"A Trofarello l&#8217;8 marzo per riflettere sulla donna e sulla parit\u00e0 di genere"},"content":{"rendered":"<p>Sabato 8 marzo alle 15,30 in occasione della Giornata internazionale della Donna Noi Trofarello propone un incontro ai giardini pubblici di via Morgari \u201cper un momento di riflessione, condivisione e ascolto\u201d.<\/p>\n<p>\u201cLa Giornata internazionale della donna &#8211; spiegano &#8211; non \u00e8 una festa, ma \u00e8 un giorno in cui si si riflette sull\u2019importanza dei diritti delle donne e le conquiste sociali, politiche ed economiche ottenute; si richiama fortemente l\u2019attenzione anche sulle disuguaglianze di genere ancora esistenti, sulle discriminazioni e gli stereotipi, sulla violenza, sui diritti riproduttivi, e cos\u00ec via. In molte parti del mondo, donne e uomini hanno gli stessi diritti e doveri sulla carta, ma in realt\u00e0 permangono molte differenze nella societ\u00e0, nel mondo del lavoro e in famiglia. La parit\u00e0 di genere \u00e8 necessario che diventi un dato di fatto tutti i giorni, non solo l\u20198 marzo. Il percorso che ha portato le donne ad acquisire sempre pi\u00f9 diritti ha avuto inizio all\u2019alba dello scorso secolo, ma ovviamente non \u00e8 ancora terminato: \u00e8 evidente quando pensiamo a situazioni estreme di negazione dei diritti femminili in molte parti del mondo. Citando le Rita Levi Montalcini: \u201cLe donne che hanno cambiato il mondo non hanno mai avuto bisogno di mostrare nulla, se non la loro intelligenza \u201cuscire da quella zona grigia in cui tutto \u00e8 abitudine e rassegnazione passiva, bisogna coltivare il coraggio di ribellarsi\u201d. Le donne della coalizione Noi Trofarello invitano tutte le donne della nostra comunit\u00e0 a partecipare all\u2019 evento organizzato per sabato 8 marzo alle h.15.30 in cui ciascuna potr\u00e0 portare e condividere una lettura per lei significativa e per far riflettere sull\u2019importanza &#8211; oggi pi\u00f9 che mai &#8211; di lavorare ogni giorno per la conquista dei diritti mai definitivi\u201d.<\/p>\n","protected":false},"excerpt":{"rendered":"","protected":false},"author":4,"featured_media":72817,"comment_status":"open","ping_status":"closed","sticky":false,"template":"","format":"standard","meta":[],"categories":[395],"tags":[],"news-destination":[],"news-source":[],"is_homepage":[581],"ta_other":[],"_links":{"self":[{"href":"https:\/\/www.ilmercoledi.news\/ilmercoledi\/news\/wp-json\/wp\/v2\/posts\/72818"}],"collection":[{"href":"https:\/\/www.ilmercoledi.news\/ilmercoledi\/news\/wp-json\/wp\/v2\/posts"}],"about":[{"href":"https:\/\/www.ilmercoledi.news\/ilmercoledi\/news\/wp-json\/wp\/v2\/types\/post"}],"author":[{"embeddable":true,"href":"https:\/\/www.ilmercoledi.news\/ilmercoledi\/news\/wp-json\/wp\/v2\/users\/4"}],"replies":[{"embeddable":true,"href":"https:\/\/www.ilmercoledi.news\/ilmercoledi\/news\/wp-json\/wp\/v2\/comments?post=72818"}],"version-history":[{"count":0,"href":"https:\/\/www.ilmercoledi.news\/ilmercoledi\/news\/wp-json\/wp\/v2\/posts\/72818\/revisions"}],"wp:featuredmedia":[{"embeddable":true,"href":"https:\/\/www.ilmercoledi.news\/ilmercoledi\/news\/wp-json\/wp\/v2\/media\/72817"}],"wp:attachment":[{"href":"https:\/\/www.ilmercoledi.news\/ilmercoledi\/news\/wp-json\/wp\/v2\/media?parent=72818"}],"wp:term":[{"taxonomy":"category","embeddable":true,"href":"https:\/\/www.ilmercoledi.news\/ilmercoledi\/news\/wp-json\/wp\/v2\/categories?post=72818"},{"taxonomy":"post_tag","embeddable":true,"href":"https:\/\/www.ilmercoledi.news\/ilmercoledi\/news\/wp-json\/wp\/v2\/tags?post=72818"},{"taxonomy":"news-destination","embeddable":true,"href":"https:\/\/www.ilmercoledi.news\/ilmercoledi\/news\/wp-json\/wp\/v2\/news-destination?post=72818"},{"taxonomy":"news-source","embeddable":true,"href":"https:\/\/www.ilmercoledi.news\/ilmercoledi\/news\/wp-json\/wp\/v2\/news-source?post=72818"},{"taxonomy":"is_homepage","embeddable":true,"href":"https:\/\/www.ilmercoledi.news\/ilmercoledi\/news\/wp-json\/wp\/v2\/is_homepage?post=72818"},{"taxonomy":"ta_other","embeddable":true,"href":"https:\/\/www.ilmercoledi.news\/ilmercoledi\/news\/wp-json\/wp\/v2\/ta_other?post=72818"}],"curies":[{"name":"wp","href":"https:\/\/api.w.org\/{rel}","templated":true}]}}